{"id":729,"date":"2023-03-02T15:57:26","date_gmt":"2023-03-02T18:57:26","guid":{"rendered":"https:\/\/zuuz.com.br\/?p=729"},"modified":"2023-03-02T16:47:03","modified_gmt":"2023-03-02T19:47:03","slug":"janeiro-com-recorde-de-vendas-de-eletricos","status":"publish","type":"post","link":"https:\/\/zuuz.com.br\/en\/janeiro-com-recorde-de-vendas-de-eletricos\/","title":{"rendered":"Janeiro com recorde de vendas de el\u00e9tricos"},"content":{"rendered":"<div data-elementor-type=\"wp-post\" data-elementor-id=\"729\" class=\"elementor elementor-729\" data-elementor-post-type=\"post\">\n\t\t\t\t\t\t<section class=\"elementor-section elementor-top-section elementor-element elementor-element-7489f01 elementor-section-boxed elementor-section-height-default elementor-section-height-default\" data-id=\"7489f01\" data-element_type=\"section\" data-e-type=\"section\">\n\t\t\t\t\t\t<div class=\"elementor-container elementor-column-gap-default\">\n\t\t\t\t\t<div class=\"elementor-column elementor-col-100 elementor-top-column elementor-element elementor-element-6b800b09\" data-id=\"6b800b09\" data-element_type=\"column\" data-e-type=\"column\">\n\t\t\t<div class=\"elementor-widget-wrap elementor-element-populated\">\n\t\t\t\t\t\t<div class=\"elementor-element elementor-element-ca125a9 elementor-widget elementor-widget-image\" data-id=\"ca125a9\" data-element_type=\"widget\" data-e-type=\"widget\" data-widget_type=\"image.default\">\n\t\t\t\t\t\t\t\t\t\t\t\t\t\t\t<img fetchpriority=\"high\" decoding=\"async\" width=\"1024\" height=\"611\" src=\"https:\/\/zuuz.com.br\/wp-content\/uploads\/2023\/02\/car-3117778_1920-1024x611.jpg\" class=\"attachment-large size-large wp-image-669\" alt=\"Recarregador Ve\u00edculos El\u00e9tricos\" srcset=\"https:\/\/zuuz.com.br\/wp-content\/uploads\/2023\/02\/car-3117778_1920-1024x611.jpg 1024w, https:\/\/zuuz.com.br\/wp-content\/uploads\/2023\/02\/car-3117778_1920-300x179.jpg 300w, https:\/\/zuuz.com.br\/wp-content\/uploads\/2023\/02\/car-3117778_1920-768x458.jpg 768w, https:\/\/zuuz.com.br\/wp-content\/uploads\/2023\/02\/car-3117778_1920-1536x917.jpg 1536w, https:\/\/zuuz.com.br\/wp-content\/uploads\/2023\/02\/car-3117778_1920-18x12.jpg 18w, https:\/\/zuuz.com.br\/wp-content\/uploads\/2023\/02\/car-3117778_1920.jpg 1920w\" sizes=\"(max-width: 1024px) 100vw, 1024px\" \/>\t\t\t\t\t\t\t\t\t\t\t\t\t\t\t<\/div>\n\t\t\t\t<div class=\"elementor-element elementor-element-29199bba elementor-widget elementor-widget-text-editor\" data-id=\"29199bba\" data-element_type=\"widget\" data-e-type=\"widget\" data-widget_type=\"text-editor.default\">\n\t\t\t\t\t\t\t\t\t<p>Janeiro de 23 teve recorde de vendas de el\u00e9tricos! \u00d3tima not\u00edcia para o setor.<\/p><p>\u00a0<\/p><p>A Associa\u00e7\u00e3o Brasileira de Ve\u00edculos El\u00e9tricos <a href=\"http:\/\/www.abve.org.br\/eletrificados-o-melhor-janeiro-da-serie-historica\/\">divulgou o resultado<\/a> de emplacamento de ve\u00edculos leves eletrificados em janeiro de 2023, com mais de 4.500 unidades.<\/p><p>\u00a0<\/p><p>Segundo a ABVE, que mapeia esses n\u00fameros desde 2012, foi um crescimento de 76% em rea\u00e7\u00e3o a janeiro de 22.<\/p><p>\u00a0<\/p><p>Do total, 17% s\u00e3o totalmente el\u00e9tricos, com o restante sendo dividido entre h\u00edbridos de diferentes tipos de recarga.<\/p><p>\u00a0<\/p><p>Entre os 5 estados com mais vendas, temos SP, RJ, MG, SC e o Distrito Federal. J\u00e1 entre as cidades, a capital paulista est\u00e1 em primeiro e a capital nacional em segundo lugar.<\/p><p>\u00a0<\/p><p>O que chama a aten\u00e7\u00e3o entre os n\u00fameros \u00e9 a cidade de Campinas, em SP, que aparece em 5\u00ba lugar em emplacamento (falando dos n\u00fameros de janeiro de 23), sendo a \u00fanica entre as 10 primeiras que n\u00e3o \u00e9 uma capital estadual.<\/p><p>\u00a0<\/p><p>Outro n\u00famero interessante, e que mostra o potencial de crescimento dos el\u00e9tricos, \u00e9 que eles corresponderam a 3,4% do total de vendas do m\u00eas, sendo que h\u00e1 1 ano era de 2%.<\/p><p>\u00a0<\/p><p>\u00c9 um momento promissor do setor de el\u00e9trico, principalmente nas maiores e mais ricas cidades do Brasil. Por isso \u00e9 fundamental que todos os gestores de condom\u00ednios e pr\u00e9dios em geral estejam se planejando para oferecer esta\u00e7\u00f5es de recarga em seus edif\u00edcios.<\/p><p>\u00a0<\/p><p>\u00c9 imposs\u00edvel fugir dessa nova realidade, e quanto mais cedo voc\u00ea implementar, h\u00e1 maior chance de reter moradores ou manter grandes empresas em seu pr\u00e9dio comercial com a oferta de esta\u00e7\u00f5es de recarga.<\/p>\t\t\t\t\t\t\t\t<\/div>\n\t\t\t\t\t<\/div>\n\t\t<\/div>\n\t\t\t\t\t<\/div>\n\t\t<\/section>\n\t\t\t\t<\/div>","protected":false},"excerpt":{"rendered":"<p>Janeiro de 23 teve recorde de vendas de el\u00e9tricos! \u00d3tima not\u00edcia para o setor. \u00a0 A Associa\u00e7\u00e3o Brasileira de Ve\u00edculos El\u00e9tricos divulgou o resultado de emplacamento de ve\u00edculos leves eletrificados em janeiro de 2023, com mais de 4.500 unidades. \u00a0 Segundo a ABVE, que mapeia esses n\u00fameros desde 2012, foi &#8230; <a title=\"Janeiro com recorde de vendas de el\u00e9tricos\" class=\"read-more\" href=\"https:\/\/zuuz.com.br\/en\/janeiro-com-recorde-de-vendas-de-eletricos\/\" aria-label=\"Read more about Janeiro com recorde de vendas de el\u00e9tricos\">Read more<\/a><\/p>","protected":false},"author":18,"featured_media":0,"comment_status":"open","ping_status":"open","sticky":false,"template":"","format":"standard","meta":{"_monsterinsights_skip_tracking":false,"_monsterinsights_sitenote_active":false,"_monsterinsights_sitenote_note":"","_monsterinsights_sitenote_category":0,"footnotes":""},"categories":[1],"tags":[24,41,40,25,39],"class_list":["post-729","post","type-post","status-publish","format-standard","hentry","category-zuuz-mobilidade-eletrica","tag-carro-eletrico","tag-recarga-carro-eletrico","tag-recarga-de-veiculo-eletrico","tag-veiculo-eletrico","tag-vendas-veiculos-eletricos"],"yoast_head":"<!-- This site is optimized with the Yoast SEO plugin v27.4 - https:\/\/yoast.com\/product\/yoast-seo-wordpress\/ -->\n<title>Janeiro com recorde de vendas de el\u00e9tricos - ZuuZ - Mobilidade El\u00e9trica<\/title>\n<meta name=\"description\" content=\"O m\u00eas de janeiro teve recorde de venda de el\u00e9tricos em 2023. O resultado mostra tend\u00eancia de crescimento dos \u00faltimos meses\" \/>\n<meta name=\"robots\" content=\"index, follow, max-snippet:-1, max-image-preview:large, max-video-preview:-1\" \/>\n<link rel=\"canonical\" href=\"https:\/\/zuuz.com.br\/en\/janeiro-com-recorde-de-vendas-de-eletricos\/\" \/>\n<meta property=\"og:locale\" content=\"en_GB\" \/>\n<meta property=\"og:type\" content=\"article\" \/>\n<meta property=\"og:title\" content=\"Janeiro com recorde de vendas de el\u00e9tricos - ZuuZ - Mobilidade El\u00e9trica\" \/>\n<meta property=\"og:description\" content=\"O m\u00eas de janeiro teve recorde de venda de el\u00e9tricos em 2023. O resultado mostra tend\u00eancia de crescimento dos \u00faltimos meses\" \/>\n<meta property=\"og:url\" content=\"https:\/\/zuuz.com.br\/en\/janeiro-com-recorde-de-vendas-de-eletricos\/\" \/>\n<meta property=\"og:site_name\" content=\"ZuuZ - Mobilidade El\u00e9trica\" \/>\n<meta property=\"article:publisher\" content=\"https:\/\/www.facebook.com\/profile.php?id=100089280586493\" \/>\n<meta property=\"article:published_time\" content=\"2023-03-02T18:57:26+00:00\" \/>\n<meta property=\"article:modified_time\" content=\"2023-03-02T19:47:03+00:00\" \/>\n<meta property=\"og:image\" content=\"https:\/\/zuuz.com.br\/wp-content\/uploads\/2023\/02\/car-3117778_1920-1024x611.jpg\" \/>\n<meta name=\"author\" content=\"Rodrigo Monteiro\" \/>\n<meta name=\"twitter:card\" content=\"summary_large_image\" \/>\n<meta name=\"twitter:label1\" content=\"Written by\" \/>\n\t<meta name=\"twitter:data1\" content=\"Rodrigo Monteiro\" \/>\n\t<meta name=\"twitter:label2\" content=\"Estimated reading time\" \/>\n\t<meta name=\"twitter:data2\" content=\"2 minutes\" \/>\n<script type=\"application\/ld+json\" class=\"yoast-schema-graph\">{\"@context\":\"https:\\\/\\\/schema.org\",\"@graph\":[{\"@type\":\"Article\",\"@id\":\"https:\\\/\\\/zuuz.com.br\\\/janeiro-com-recorde-de-vendas-de-eletricos\\\/#article\",\"isPartOf\":{\"@id\":\"https:\\\/\\\/zuuz.com.br\\\/janeiro-com-recorde-de-vendas-de-eletricos\\\/\"},\"author\":{\"name\":\"Rodrigo Monteiro\",\"@id\":\"https:\\\/\\\/zuuz.com.br\\\/#\\\/schema\\\/person\\\/1a2f12fed119550e7265234ededb92d1\"},\"headline\":\"Janeiro com recorde de vendas de el\u00e9tricos\",\"datePublished\":\"2023-03-02T18:57:26+00:00\",\"dateModified\":\"2023-03-02T19:47:03+00:00\",\"mainEntityOfPage\":{\"@id\":\"https:\\\/\\\/zuuz.com.br\\\/janeiro-com-recorde-de-vendas-de-eletricos\\\/\"},\"wordCount\":272,\"commentCount\":0,\"publisher\":{\"@id\":\"https:\\\/\\\/zuuz.com.br\\\/#organization\"},\"image\":{\"@id\":\"https:\\\/\\\/zuuz.com.br\\\/janeiro-com-recorde-de-vendas-de-eletricos\\\/#primaryimage\"},\"thumbnailUrl\":\"https:\\\/\\\/zuuz.com.br\\\/wp-content\\\/uploads\\\/2023\\\/02\\\/car-3117778_1920-1024x611.jpg\",\"keywords\":[\"carro el\u00e9trico\",\"recarga carro el\u00e9trico\",\"recarga de ve\u00edculo el\u00e9trico\",\"ve\u00edculo el\u00e9trico\",\"vendas ve\u00edculos el\u00e9tricos\"],\"articleSection\":[\"ZuuZ Mobilidade El\u00e9trica\"],\"inLanguage\":\"en-GB\",\"potentialAction\":[{\"@type\":\"CommentAction\",\"name\":\"Comment\",\"target\":[\"https:\\\/\\\/zuuz.com.br\\\/janeiro-com-recorde-de-vendas-de-eletricos\\\/#respond\"]}]},{\"@type\":\"WebPage\",\"@id\":\"https:\\\/\\\/zuuz.com.br\\\/janeiro-com-recorde-de-vendas-de-eletricos\\\/\",\"url\":\"https:\\\/\\\/zuuz.com.br\\\/janeiro-com-recorde-de-vendas-de-eletricos\\\/\",\"name\":\"Janeiro com recorde de vendas de el\u00e9tricos - ZuuZ - Mobilidade El\u00e9trica\",\"isPartOf\":{\"@id\":\"https:\\\/\\\/zuuz.com.br\\\/#website\"},\"primaryImageOfPage\":{\"@id\":\"https:\\\/\\\/zuuz.com.br\\\/janeiro-com-recorde-de-vendas-de-eletricos\\\/#primaryimage\"},\"image\":{\"@id\":\"https:\\\/\\\/zuuz.com.br\\\/janeiro-com-recorde-de-vendas-de-eletricos\\\/#primaryimage\"},\"thumbnailUrl\":\"https:\\\/\\\/zuuz.com.br\\\/wp-content\\\/uploads\\\/2023\\\/02\\\/car-3117778_1920-1024x611.jpg\",\"datePublished\":\"2023-03-02T18:57:26+00:00\",\"dateModified\":\"2023-03-02T19:47:03+00:00\",\"description\":\"O m\u00eas de janeiro teve recorde de venda de el\u00e9tricos em 2023. O resultado mostra tend\u00eancia de crescimento dos \u00faltimos meses\",\"breadcrumb\":{\"@id\":\"https:\\\/\\\/zuuz.com.br\\\/janeiro-com-recorde-de-vendas-de-eletricos\\\/#breadcrumb\"},\"inLanguage\":\"en-GB\",\"potentialAction\":[{\"@type\":\"ReadAction\",\"target\":[\"https:\\\/\\\/zuuz.com.br\\\/janeiro-com-recorde-de-vendas-de-eletricos\\\/\"]}]},{\"@type\":\"ImageObject\",\"inLanguage\":\"en-GB\",\"@id\":\"https:\\\/\\\/zuuz.com.br\\\/janeiro-com-recorde-de-vendas-de-eletricos\\\/#primaryimage\",\"url\":\"https:\\\/\\\/zuuz.com.br\\\/wp-content\\\/uploads\\\/2023\\\/02\\\/car-3117778_1920-1024x611.jpg\",\"contentUrl\":\"https:\\\/\\\/zuuz.com.br\\\/wp-content\\\/uploads\\\/2023\\\/02\\\/car-3117778_1920-1024x611.jpg\"},{\"@type\":\"BreadcrumbList\",\"@id\":\"https:\\\/\\\/zuuz.com.br\\\/janeiro-com-recorde-de-vendas-de-eletricos\\\/#breadcrumb\",\"itemListElement\":[{\"@type\":\"ListItem\",\"position\":1,\"name\":\"In\u00edcio\",\"item\":\"https:\\\/\\\/zuuz.com.br\\\/\"},{\"@type\":\"ListItem\",\"position\":2,\"name\":\"Janeiro com recorde de vendas de el\u00e9tricos\"}]},{\"@type\":\"WebSite\",\"@id\":\"https:\\\/\\\/zuuz.com.br\\\/#website\",\"url\":\"https:\\\/\\\/zuuz.com.br\\\/\",\"name\":\"ZuuZ - Mobilidade El\u00e9trica\",\"description\":\"Recarga para Ve\u00edculos El\u00e9tricos em Condom\u00ednios Residenciais e Comerciais\",\"publisher\":{\"@id\":\"https:\\\/\\\/zuuz.com.br\\\/#organization\"},\"potentialAction\":[{\"@type\":\"SearchAction\",\"target\":{\"@type\":\"EntryPoint\",\"urlTemplate\":\"https:\\\/\\\/zuuz.com.br\\\/?s={search_term_string}\"},\"query-input\":{\"@type\":\"PropertyValueSpecification\",\"valueRequired\":true,\"valueName\":\"search_term_string\"}}],\"inLanguage\":\"en-GB\"},{\"@type\":\"Organization\",\"@id\":\"https:\\\/\\\/zuuz.com.br\\\/#organization\",\"name\":\"ZuuZ Mobilidade El\u00e9trica\",\"url\":\"https:\\\/\\\/zuuz.com.br\\\/\",\"logo\":{\"@type\":\"ImageObject\",\"inLanguage\":\"en-GB\",\"@id\":\"https:\\\/\\\/zuuz.com.br\\\/#\\\/schema\\\/logo\\\/image\\\/\",\"url\":\"https:\\\/\\\/zuuz.com.br\\\/wp-content\\\/uploads\\\/2023\\\/02\\\/Logo-compacto.jpg\",\"contentUrl\":\"https:\\\/\\\/zuuz.com.br\\\/wp-content\\\/uploads\\\/2023\\\/02\\\/Logo-compacto.jpg\",\"width\":349,\"height\":110,\"caption\":\"ZuuZ Mobilidade El\u00e9trica\"},\"image\":{\"@id\":\"https:\\\/\\\/zuuz.com.br\\\/#\\\/schema\\\/logo\\\/image\\\/\"},\"sameAs\":[\"https:\\\/\\\/www.facebook.com\\\/profile.php?id=100089280586493\",\"https:\\\/\\\/www.linkedin.com\\\/company\\\/zuuz\\\/\",\"http:\\\/\\\/www.instagram.com\\\/zuuz_mobilidade_eletrica\\\/\"]},{\"@type\":\"Person\",\"@id\":\"https:\\\/\\\/zuuz.com.br\\\/#\\\/schema\\\/person\\\/1a2f12fed119550e7265234ededb92d1\",\"name\":\"Rodrigo Monteiro\",\"image\":{\"@type\":\"ImageObject\",\"inLanguage\":\"en-GB\",\"@id\":\"https:\\\/\\\/zuuz.com.br\\\/wp-content\\\/litespeed\\\/avatar\\\/d2e598a3985ee24b426f31c8ce397fb4.jpg?ver=1776920062\",\"url\":\"https:\\\/\\\/zuuz.com.br\\\/wp-content\\\/litespeed\\\/avatar\\\/d2e598a3985ee24b426f31c8ce397fb4.jpg?ver=1776920062\",\"contentUrl\":\"https:\\\/\\\/zuuz.com.br\\\/wp-content\\\/litespeed\\\/avatar\\\/d2e598a3985ee24b426f31c8ce397fb4.jpg?ver=1776920062\",\"caption\":\"Rodrigo Monteiro\"},\"url\":\"https:\\\/\\\/zuuz.com.br\\\/en\\\/author\\\/marketing\\\/\"}]}<\/script>\n<!-- \/ Yoast SEO plugin. -->","yoast_head_json":{"title":"Janeiro com recorde de vendas de el\u00e9tricos - ZuuZ - Mobilidade El\u00e9trica","description":"O m\u00eas de janeiro teve recorde de venda de el\u00e9tricos em 2023. O resultado mostra tend\u00eancia de crescimento dos \u00faltimos meses","robots":{"index":"index","follow":"follow","max-snippet":"max-snippet:-1","max-image-preview":"max-image-preview:large","max-video-preview":"max-video-preview:-1"},"canonical":"https:\/\/zuuz.com.br\/en\/janeiro-com-recorde-de-vendas-de-eletricos\/","og_locale":"en_GB","og_type":"article","og_title":"Janeiro com recorde de vendas de el\u00e9tricos - ZuuZ - Mobilidade El\u00e9trica","og_description":"O m\u00eas de janeiro teve recorde de venda de el\u00e9tricos em 2023. O resultado mostra tend\u00eancia de crescimento dos \u00faltimos meses","og_url":"https:\/\/zuuz.com.br\/en\/janeiro-com-recorde-de-vendas-de-eletricos\/","og_site_name":"ZuuZ - Mobilidade El\u00e9trica","article_publisher":"https:\/\/www.facebook.com\/profile.php?id=100089280586493","article_published_time":"2023-03-02T18:57:26+00:00","article_modified_time":"2023-03-02T19:47:03+00:00","og_image":[{"url":"https:\/\/zuuz.com.br\/wp-content\/uploads\/2023\/02\/car-3117778_1920-1024x611.jpg","type":"","width":"","height":""}],"author":"Rodrigo Monteiro","twitter_card":"summary_large_image","twitter_misc":{"Written by":"Rodrigo Monteiro","Estimated reading time":"2 minutes"},"schema":{"@context":"https:\/\/schema.org","@graph":[{"@type":"Article","@id":"https:\/\/zuuz.com.br\/janeiro-com-recorde-de-vendas-de-eletricos\/#article","isPartOf":{"@id":"https:\/\/zuuz.com.br\/janeiro-com-recorde-de-vendas-de-eletricos\/"},"author":{"name":"Rodrigo Monteiro","@id":"https:\/\/zuuz.com.br\/#\/schema\/person\/1a2f12fed119550e7265234ededb92d1"},"headline":"Janeiro com recorde de vendas de el\u00e9tricos","datePublished":"2023-03-02T18:57:26+00:00","dateModified":"2023-03-02T19:47:03+00:00","mainEntityOfPage":{"@id":"https:\/\/zuuz.com.br\/janeiro-com-recorde-de-vendas-de-eletricos\/"},"wordCount":272,"commentCount":0,"publisher":{"@id":"https:\/\/zuuz.com.br\/#organization"},"image":{"@id":"https:\/\/zuuz.com.br\/janeiro-com-recorde-de-vendas-de-eletricos\/#primaryimage"},"thumbnailUrl":"https:\/\/zuuz.com.br\/wp-content\/uploads\/2023\/02\/car-3117778_1920-1024x611.jpg","keywords":["carro el\u00e9trico","recarga carro el\u00e9trico","recarga de ve\u00edculo el\u00e9trico","ve\u00edculo el\u00e9trico","vendas ve\u00edculos el\u00e9tricos"],"articleSection":["ZuuZ Mobilidade El\u00e9trica"],"inLanguage":"en-GB","potentialAction":[{"@type":"CommentAction","name":"Comment","target":["https:\/\/zuuz.com.br\/janeiro-com-recorde-de-vendas-de-eletricos\/#respond"]}]},{"@type":"WebPage","@id":"https:\/\/zuuz.com.br\/janeiro-com-recorde-de-vendas-de-eletricos\/","url":"https:\/\/zuuz.com.br\/janeiro-com-recorde-de-vendas-de-eletricos\/","name":"Janeiro com recorde de vendas de el\u00e9tricos - ZuuZ - Mobilidade El\u00e9trica","isPartOf":{"@id":"https:\/\/zuuz.com.br\/#website"},"primaryImageOfPage":{"@id":"https:\/\/zuuz.com.br\/janeiro-com-recorde-de-vendas-de-eletricos\/#primaryimage"},"image":{"@id":"https:\/\/zuuz.com.br\/janeiro-com-recorde-de-vendas-de-eletricos\/#primaryimage"},"thumbnailUrl":"https:\/\/zuuz.com.br\/wp-content\/uploads\/2023\/02\/car-3117778_1920-1024x611.jpg","datePublished":"2023-03-02T18:57:26+00:00","dateModified":"2023-03-02T19:47:03+00:00","description":"O m\u00eas de janeiro teve recorde de venda de el\u00e9tricos em 2023. O resultado mostra tend\u00eancia de crescimento dos \u00faltimos meses","breadcrumb":{"@id":"https:\/\/zuuz.com.br\/janeiro-com-recorde-de-vendas-de-eletricos\/#breadcrumb"},"inLanguage":"en-GB","potentialAction":[{"@type":"ReadAction","target":["https:\/\/zuuz.com.br\/janeiro-com-recorde-de-vendas-de-eletricos\/"]}]},{"@type":"ImageObject","inLanguage":"en-GB","@id":"https:\/\/zuuz.com.br\/janeiro-com-recorde-de-vendas-de-eletricos\/#primaryimage","url":"https:\/\/zuuz.com.br\/wp-content\/uploads\/2023\/02\/car-3117778_1920-1024x611.jpg","contentUrl":"https:\/\/zuuz.com.br\/wp-content\/uploads\/2023\/02\/car-3117778_1920-1024x611.jpg"},{"@type":"BreadcrumbList","@id":"https:\/\/zuuz.com.br\/janeiro-com-recorde-de-vendas-de-eletricos\/#breadcrumb","itemListElement":[{"@type":"ListItem","position":1,"name":"In\u00edcio","item":"https:\/\/zuuz.com.br\/"},{"@type":"ListItem","position":2,"name":"Janeiro com recorde de vendas de el\u00e9tricos"}]},{"@type":"WebSite","@id":"https:\/\/zuuz.com.br\/#website","url":"https:\/\/zuuz.com.br\/","name":"ZuuZ - Mobilidade El\u00e9trica","description":"Recarga para Ve\u00edculos El\u00e9tricos em Condom\u00ednios Residenciais e Comerciais","publisher":{"@id":"https:\/\/zuuz.com.br\/#organization"},"potentialAction":[{"@type":"SearchAction","target":{"@type":"EntryPoint","urlTemplate":"https:\/\/zuuz.com.br\/?s={search_term_string}"},"query-input":{"@type":"PropertyValueSpecification","valueRequired":true,"valueName":"search_term_string"}}],"inLanguage":"en-GB"},{"@type":"Organization","@id":"https:\/\/zuuz.com.br\/#organization","name":"ZuuZ Mobilidade El\u00e9trica","url":"https:\/\/zuuz.com.br\/","logo":{"@type":"ImageObject","inLanguage":"en-GB","@id":"https:\/\/zuuz.com.br\/#\/schema\/logo\/image\/","url":"https:\/\/zuuz.com.br\/wp-content\/uploads\/2023\/02\/Logo-compacto.jpg","contentUrl":"https:\/\/zuuz.com.br\/wp-content\/uploads\/2023\/02\/Logo-compacto.jpg","width":349,"height":110,"caption":"ZuuZ Mobilidade El\u00e9trica"},"image":{"@id":"https:\/\/zuuz.com.br\/#\/schema\/logo\/image\/"},"sameAs":["https:\/\/www.facebook.com\/profile.php?id=100089280586493","https:\/\/www.linkedin.com\/company\/zuuz\/","http:\/\/www.instagram.com\/zuuz_mobilidade_eletrica\/"]},{"@type":"Person","@id":"https:\/\/zuuz.com.br\/#\/schema\/person\/1a2f12fed119550e7265234ededb92d1","name":"Rodrigo Monteiro","image":{"@type":"ImageObject","inLanguage":"en-GB","@id":"https:\/\/zuuz.com.br\/wp-content\/litespeed\/avatar\/d2e598a3985ee24b426f31c8ce397fb4.jpg?ver=1776920062","url":"https:\/\/zuuz.com.br\/wp-content\/litespeed\/avatar\/d2e598a3985ee24b426f31c8ce397fb4.jpg?ver=1776920062","contentUrl":"https:\/\/zuuz.com.br\/wp-content\/litespeed\/avatar\/d2e598a3985ee24b426f31c8ce397fb4.jpg?ver=1776920062","caption":"Rodrigo Monteiro"},"url":"https:\/\/zuuz.com.br\/en\/author\/marketing\/"}]}},"_links":{"self":[{"href":"https:\/\/zuuz.com.br\/en\/wp-json\/wp\/v2\/posts\/729","targetHints":{"allow":["GET"]}}],"collection":[{"href":"https:\/\/zuuz.com.br\/en\/wp-json\/wp\/v2\/posts"}],"about":[{"href":"https:\/\/zuuz.com.br\/en\/wp-json\/wp\/v2\/types\/post"}],"author":[{"embeddable":true,"href":"https:\/\/zuuz.com.br\/en\/wp-json\/wp\/v2\/users\/18"}],"replies":[{"embeddable":true,"href":"https:\/\/zuuz.com.br\/en\/wp-json\/wp\/v2\/comments?post=729"}],"version-history":[{"count":7,"href":"https:\/\/zuuz.com.br\/en\/wp-json\/wp\/v2\/posts\/729\/revisions"}],"predecessor-version":[{"id":770,"href":"https:\/\/zuuz.com.br\/en\/wp-json\/wp\/v2\/posts\/729\/revisions\/770"}],"wp:attachment":[{"href":"https:\/\/zuuz.com.br\/en\/wp-json\/wp\/v2\/media?parent=729"}],"wp:term":[{"taxonomy":"category","embeddable":true,"href":"https:\/\/zuuz.com.br\/en\/wp-json\/wp\/v2\/categories?post=729"},{"taxonomy":"post_tag","embeddable":true,"href":"https:\/\/zuuz.com.br\/en\/wp-json\/wp\/v2\/tags?post=729"}],"curies":[{"name":"wp","href":"https:\/\/api.w.org\/{rel}","templated":true}]}}