{"id":738,"date":"2023-03-02T16:07:44","date_gmt":"2023-03-02T19:07:44","guid":{"rendered":"https:\/\/zuuz.com.br\/?p=738"},"modified":"2023-03-02T16:32:45","modified_gmt":"2023-03-02T19:32:45","slug":"como-funciona-a-recarga-de-um-veiculo-eletrico-hibrido","status":"publish","type":"post","link":"https:\/\/zuuz.com.br\/en\/como-funciona-a-recarga-de-um-veiculo-eletrico-hibrido\/","title":{"rendered":"Como funciona a recarga de um ve\u00edculo el\u00e9trico \/ h\u00edbrido"},"content":{"rendered":"<div data-elementor-type=\"wp-post\" data-elementor-id=\"738\" class=\"elementor elementor-738\" data-elementor-post-type=\"post\">\n\t\t\t\t\t\t<section class=\"elementor-section elementor-top-section elementor-element elementor-element-36086585 elementor-section-boxed elementor-section-height-default elementor-section-height-default\" data-id=\"36086585\" data-element_type=\"section\" data-e-type=\"section\">\n\t\t\t\t\t\t<div class=\"elementor-container elementor-column-gap-default\">\n\t\t\t\t\t<div class=\"elementor-column elementor-col-100 elementor-top-column elementor-element elementor-element-336d64bd\" data-id=\"336d64bd\" data-element_type=\"column\" data-e-type=\"column\">\n\t\t\t<div class=\"elementor-widget-wrap elementor-element-populated\">\n\t\t\t\t\t\t<div class=\"elementor-element elementor-element-1a743c9 elementor-widget elementor-widget-heading\" data-id=\"1a743c9\" data-element_type=\"widget\" data-e-type=\"widget\" data-widget_type=\"heading.default\">\n\t\t\t\t\t<h2 class=\"elementor-heading-title elementor-size-default\"><span style=\"font-size: 15px;font-weight: 400;white-space: normal\">Quer saber como funciona a recarga de ve\u00edculo el\u00e9trico ou h\u00edbrido, esse \u00e9 o post para voc\u00ea!<\/span><\/h2>\t\t\t\t<\/div>\n\t\t\t\t<div class=\"elementor-element elementor-element-a5a349c elementor-widget elementor-widget-image\" data-id=\"a5a349c\" data-element_type=\"widget\" data-e-type=\"widget\" data-widget_type=\"image.default\">\n\t\t\t\t\t\t\t\t\t\t\t\t\t\t\t<img fetchpriority=\"high\" decoding=\"async\" width=\"1024\" height=\"683\" src=\"https:\/\/zuuz.com.br\/wp-content\/uploads\/2023\/02\/ZuuZ-53-1024x683.jpg\" class=\"attachment-large size-large wp-image-658\" alt=\"como-funciona-recarga-de-veiculo-eletrico\" srcset=\"https:\/\/zuuz.com.br\/wp-content\/uploads\/2023\/02\/ZuuZ-53-1024x683.jpg 1024w, https:\/\/zuuz.com.br\/wp-content\/uploads\/2023\/02\/ZuuZ-53-300x200.jpg 300w, https:\/\/zuuz.com.br\/wp-content\/uploads\/2023\/02\/ZuuZ-53-768x512.jpg 768w, https:\/\/zuuz.com.br\/wp-content\/uploads\/2023\/02\/ZuuZ-53-1536x1024.jpg 1536w, https:\/\/zuuz.com.br\/wp-content\/uploads\/2023\/02\/ZuuZ-53-2048x1365.jpg 2048w, https:\/\/zuuz.com.br\/wp-content\/uploads\/2023\/02\/ZuuZ-53-18x12.jpg 18w\" sizes=\"(max-width: 1024px) 100vw, 1024px\" \/>\t\t\t\t\t\t\t\t\t\t\t\t\t\t\t<\/div>\n\t\t\t\t<div class=\"elementor-element elementor-element-141b228a elementor-widget elementor-widget-text-editor\" data-id=\"141b228a\" data-element_type=\"widget\" data-e-type=\"widget\" data-widget_type=\"text-editor.default\">\n\t\t\t\t\t\t\t\t\t<p>Quer saber como funciona a recarga de ve\u00edculo el\u00e9trico ou h\u00edbrido, esse \u00e9 o post para voc\u00ea!<\/p><p>\u00a0<\/p><p>A transi\u00e7\u00e3o dos ve\u00edculos movidos a combust\u00e3o para energia el\u00e9trica j\u00e1 \u00e9 uma realidade. <a href=\"https:\/\/autoesporte.globo.com\/eletricos-e-hibridos\/noticia\/2022\/12\/carros-2023-os-14-eletricos-que-serao-lancados-no-brasil-no-ano-que-vem.ghtml\">A cada dia, novos modelos de carros el\u00e9tricos ou h\u00edbridos chegam ao mercado.<\/a><\/p><p>\u00a0<\/p><p>Ao mesmo tempo, com o aumento dessa frota, surgem d\u00favidas quanto ao seu funcionamento, e principalmente recarregamento. E \u00e9 isso que queremos trazer no post de hoje, sem muitas complica\u00e7\u00f5es.<\/p><p>\u00a0<\/p><p>Os grandes diferenciais de utiliza\u00e7\u00e3o de um carro el\u00e9trico no dia a dia est\u00e3o na aus\u00eancia de emiss\u00e3o de CO2 na atmosfera, diminui\u00e7\u00e3o expressiva do ru\u00eddo durante o seu uso, e claro,\u00a0 o processo de recarga da batera.<\/p><p>\u00a0<\/p><p>Afinal, com um ve\u00edculo movido a energia el\u00e9trica voc\u00ea n\u00e3o depende mais de \u201cabastec\u00ea-lo\u201d em um posto de gasolina, podendo realizar essa tarefa em sua resid\u00eancia.<\/p><p>\u00a0<\/p><p>Mas por se tratar ainda de uma tecnologia nova, queremos apresentar aqui, de forma descomplicada, quais s\u00e3o os principais par\u00e2metros sobre o processo de recarregar seu autom\u00f3vel el\u00e9trico.<\/p><p>\u00a0<\/p><p>Existem 3 pontos importantes nesse processo.<\/p><p>&#8211; o tipo de plug e conector;<\/p><p>&#8211; o tipo de esta\u00e7\u00e3o de recarga;<\/p><p>&#8211; a capacidade de armazenamento das baterias.<\/p><p>\u00a0<\/p><p><strong>O Plug<\/strong><\/p><p>Para entender como funciona a recarga de ve\u00edculo el\u00e9trico ou h\u00edbrido, \u00e9 preciso pensar na compara\u00e7\u00e3o com um ve\u00edculo \u00e0 combust\u00e3o.<\/p><p>Quando voc\u00ea vai ao posto de combust\u00edvel, o frentista usa uma mangueira com um conector para colocar \u00e1lcool ou gasolina em seu ve\u00edculo, e o mesmo aparato serve para todos os carros. Com os carros h\u00edbridos ou 100% el\u00e9tricos funciona um pouco diferente. O formato da \u201ctomada\u201d do seu carro, que seria o mesmo que a entrada de combust\u00edvel em motor convencional, pode variar.<\/p><p>H\u00e1 alguns anos surgiram diversos padr\u00f5es distintos de plugs, que \u00e9 o encaixe do carro el\u00e9trico. Isso aconteceu devido a projetos realizados em diferentes pa\u00edses. Hoje, felizmente, as montadoras est\u00e3o aderindo a 2 padr\u00f5es globais, o Tipo 1 (mais comum nos EUA) e o Tipo 2 de (mais comum na Europa).\u00a0 Esses s\u00e3o os tipos de plug mais comuns nos ve\u00edculos lan\u00e7ados no Brasil.<\/p><p>\u00a0<\/p><p><strong>Esta\u00e7\u00e3o de Recarga<\/strong><\/p><p>Voltando ao comparativo com o posto de combust\u00edvel, a esta\u00e7\u00e3o seria a fonte que recebe energia do local onde est\u00e1 instalada e repassa ao ve\u00edculo. Novamente aqui h\u00e1 uma variedade de modelos.<\/p><p><em>Carregador de Emerg\u00eancia<\/em><\/p><p>Os ve\u00edculos el\u00e9tricos vem equipados de f\u00e1brica com um adaptador para carregamento de emerg\u00eancia. Uma solu\u00e7\u00e3o provis\u00f3ria, para rodar alguns quil\u00f4metros at\u00e9 voc\u00ea encontrar um ponto de recarga com mais estrutura.<\/p><p>No geral, um ve\u00edculo com bateria de 40 kW por exemplo, precisaria de um per\u00edodo entre 20 a 40 horas para uma carga completa. Ou seja, al\u00e9m de invi\u00e1vel, n\u00e3o \u00e9 uma carregador confi\u00e1vel para utiliza\u00e7\u00e3o por tanto tempo em uma rede el\u00e9trica.<\/p><p>\u00a0<\/p><p><em>Carregador Port\u00e1til<\/em><\/p><p>Esse tipo de carregador \u00e9 semelhante ao de emerg\u00eancia, inclusive no formato compacto, poss\u00edvel de levar dentro de um ve\u00edculos. Ele possui uma capacidade maior de carga, podendo chegar at\u00e9 10x da capacidade do de emerg\u00eancia.<\/p><p>Apesar de diminuir o tempo de recarga, por ser conectado diretamente a uma tomada comum, seu uso n\u00e3o \u00e9 recomendado por muitas horas. Sendo uma importante ferramenta para uso em viagens ou cidades \/ estradas com poucas op\u00e7\u00f5es de esta\u00e7\u00f5es de recargas.<\/p><p>\u00a0<\/p><p><em>Carregador Residencial<\/em><\/p><p>Tamb\u00e9m conhecido como Wallbox, \u00e9 a principal fonte de carregamento de motoristas de ve\u00edculos el\u00e9tricos. Afinal, a facilidade de deixar seu carro \u201cabastecendo\u201d durante a noite e t\u00ea-lo com a carga total pela manh\u00e3 \u00e9 um grande diferencial.<\/p><p>Em termos de pot\u00eancia, ela \u00e9 maior que um carregador port\u00e1til, e tamb\u00e9m mais segura, afinal a estrutura de recarga \u00e9 fixa e integrada a rede el\u00e9trica da sua casa.<\/p><p>Para utilizar corretamente um carregador residencial \u00e9 preciso uma instala\u00e7\u00e3o dedicada, dessa forma, garante-se a seguran\u00e7a da rede, da resid\u00eancia e do ve\u00edculo, uma vez que \u00e9 poss\u00edvel equacionar corretamente a quantidade de energia utilizada, sem oferecer riscos. Afinal, voc\u00ea ter\u00e1 um ve\u00edculo realizando recarga durante toda uma noite na garagem da sua resid\u00eancia.<\/p><p>Nesse tipo de instala\u00e7\u00e3o \u00e9 poss\u00edvel recarregar um ve\u00edculo entre 6 a 9h, partindo de uma carga zero a 100%.<\/p><p>\u00a0<\/p><p><em>Carregador Comercial<\/em><\/p><p>A estrutura desse tipo \u00e9 semelhante ao carregador residencial. Nesse tipo de aplica\u00e7\u00e3o \u00e9 comum ter em um mesmo estacionamento diversos pontos de recarga, atendendo uma demanda maior de ve\u00edculos.<\/p><p>A cada dia, mais edif\u00edcios comerciais est\u00e3o implementando esse tipo de solu\u00e7\u00e3o, trazendo uma op\u00e7\u00e3o acess\u00edvel para seus cond\u00f4minos e visitantes terem um complemento de carga durante o hor\u00e1rio de trabalho, reuni\u00f5es e visitas.<\/p><p><a href=\"https:\/\/zuuz.com.br\/en\/\">Aqui \u00e9 fundamental um projeto espec\u00edfico<\/a> para entender as necessidades de infraestrutura e instala\u00e7\u00e3o. Com acesso as plantas el\u00e9tricas e do estacionamento \u00e9 poss\u00edvel planejar uma estrutura completa de esta\u00e7\u00f5es, inclusive suas expans\u00f5es futuras.<\/p><p>Solu\u00e7\u00f5es de barramento blindado, como a ZuuZ oferece, s\u00e3o op\u00e7\u00f5es muito pr\u00e1ticas para esse <a href=\"https:\/\/zuuz.com.br\/en\/carregamento-eletrico-condominios\/\">tipo de instala\u00e7\u00e3o<\/a>. O barramento \u00e9 uma estrutura modular instalado na parte superior das vagas. Economiza-se, assim, espa\u00e7o, ao n\u00e3o utilizar um ponto fixado ao ch\u00e3o. Evita-se polui\u00e7\u00e3o visual, oferecendo aos edif\u00edcios um projeto com visual <em>clean<\/em> e de f\u00e1cil expans\u00e3o, bastando conectar novos carregadores na estrutura modular para atender a demanda.<\/p><p>\u00a0<\/p><p><em>Esta\u00e7\u00e3o de Carga R\u00e1pida<\/em><\/p><p>\u00c9 o mais comum em postos de gasolina, principalmente em estradas. Essa estrutura permite que os motoristas possam aumentar a autonomia do seu ve\u00edculo no menor espa\u00e7o de tempo.\u00a0 Nem todos os ve\u00edculos, por\u00e9m, est\u00e3o adaptados a receberem a carga r\u00e1pida, dependendo da configura\u00e7\u00e3o e do modelo.<\/p><p>\u00a0<\/p><p><strong>Armazenamento das Baterias.<\/strong><\/p><p>Os autom\u00f3veis movidos \u00e0 combust\u00e3o possuem um tanque, medido em Litros. Sabendo a capacidade do tanque e quantos km um carro percorre com a capacidade total, \u00e9 permitido saber sua autonomia.<\/p><p>Para os carros el\u00e9tricos o c\u00e1lculo \u00e9 semelhante, por\u00e9m ao inv\u00e9s de Litros, calcula-se a capacidade das baterias internas em kW (kilowatt). Assim como nos movidos a combust\u00e3o, cada modelo possui uma capacidade pr\u00f3pria de carga, assim como autonomia.<\/p><p>&#8230;<\/p><p>Ufa. Quanta informa\u00e7\u00e3o, n\u00e3o \u00e9? Mas fique tranquilo, o carro el\u00e9trico \u00e9 um tema novo que vai se popularizando a cada dia, e por isso \u00e9 importante ir absorvendo as informa\u00e7\u00f5es aos poucos.<\/p><p>Agora que voc\u00ea j\u00e1 conhece o b\u00e1sico, pode come\u00e7ar a prestar mais aten\u00e7\u00e3o nos diferentes modelos de el\u00e9tricos e suas autonomias e escolher a melhor op\u00e7\u00e3o!<\/p>\t\t\t\t\t\t\t\t<\/div>\n\t\t\t\t\t<\/div>\n\t\t<\/div>\n\t\t\t\t\t<\/div>\n\t\t<\/section>\n\t\t\t\t<\/div>","protected":false},"excerpt":{"rendered":"<p>Quer saber como funciona a recarga de ve\u00edculo el\u00e9trico ou h\u00edbrido, esse \u00e9 o post para voc\u00ea! Quer saber como funciona a recarga de ve\u00edculo el\u00e9trico ou h\u00edbrido, esse \u00e9 o post para voc\u00ea! A transi\u00e7\u00e3o dos ve\u00edculos movidos a combust\u00e3o para energia el\u00e9trica j\u00e1 \u00e9 uma realidade. A cada &#8230; <a title=\"Como funciona a recarga de um ve\u00edculo el\u00e9trico \/ h\u00edbrido\" class=\"read-more\" href=\"https:\/\/zuuz.com.br\/en\/como-funciona-a-recarga-de-um-veiculo-eletrico-hibrido\/\" aria-label=\"Read more about Como funciona a recarga de um ve\u00edculo el\u00e9trico \/ h\u00edbrido\">Read more<\/a><\/p>","protected":false},"author":18,"featured_media":0,"comment_status":"open","ping_status":"open","sticky":false,"template":"","format":"standard","meta":{"_monsterinsights_skip_tracking":false,"_monsterinsights_sitenote_active":false,"_monsterinsights_sitenote_note":"","_monsterinsights_sitenote_category":0,"footnotes":""},"categories":[29,1],"tags":[43,24,42,25],"class_list":["post-738","post","type-post","status-publish","format-standard","hentry","category-funcionamento-de-estacoes-de-recarga","category-zuuz-mobilidade-eletrica","tag-carregadores-veiculos-eletricos","tag-carro-eletrico","tag-recarga-veiculo-eletrico","tag-veiculo-eletrico"],"yoast_head":"<!-- This site is optimized with the Yoast SEO plugin v27.4 - https:\/\/yoast.com\/product\/yoast-seo-wordpress\/ -->\n<title>Como funciona a recarga de um ve\u00edculo el\u00e9trico \/ h\u00edbrido -<\/title>\n<meta name=\"description\" content=\"Tudo sobre como funciona recarga veiculo eletrico hibrido, al\u00e9m de plugs, conex\u00e7\u00f5es, baterias e outros pontos de recarga de ve\u00edculo el\u00e9trico\" \/>\n<meta name=\"robots\" content=\"index, follow, max-snippet:-1, max-image-preview:large, max-video-preview:-1\" \/>\n<link rel=\"canonical\" href=\"https:\/\/zuuz.com.br\/en\/como-funciona-a-recarga-de-um-veiculo-eletrico-hibrido\/\" \/>\n<meta property=\"og:locale\" content=\"en_GB\" \/>\n<meta property=\"og:type\" content=\"article\" \/>\n<meta property=\"og:title\" content=\"Como funciona a recarga de um ve\u00edculo el\u00e9trico \/ h\u00edbrido -\" \/>\n<meta property=\"og:description\" content=\"Tudo sobre como funciona recarga veiculo eletrico hibrido, al\u00e9m de plugs, conex\u00e7\u00f5es, baterias e outros pontos de recarga de ve\u00edculo el\u00e9trico\" \/>\n<meta property=\"og:url\" content=\"https:\/\/zuuz.com.br\/en\/como-funciona-a-recarga-de-um-veiculo-eletrico-hibrido\/\" \/>\n<meta property=\"og:site_name\" content=\"ZuuZ - Mobilidade El\u00e9trica\" \/>\n<meta property=\"article:publisher\" content=\"https:\/\/www.facebook.com\/profile.php?id=100089280586493\" \/>\n<meta property=\"article:published_time\" content=\"2023-03-02T19:07:44+00:00\" \/>\n<meta property=\"article:modified_time\" content=\"2023-03-02T19:32:45+00:00\" \/>\n<meta property=\"og:image\" content=\"https:\/\/zuuz.com.br\/wp-content\/uploads\/2023\/02\/ZuuZ-53-1024x683.jpg\" \/>\n<meta name=\"author\" content=\"Rodrigo Monteiro\" \/>\n<meta name=\"twitter:card\" content=\"summary_large_image\" \/>\n<meta name=\"twitter:label1\" content=\"Written by\" \/>\n\t<meta name=\"twitter:data1\" content=\"Rodrigo Monteiro\" \/>\n\t<meta name=\"twitter:label2\" content=\"Estimated reading time\" \/>\n\t<meta name=\"twitter:data2\" content=\"6 minutes\" \/>\n<script type=\"application\/ld+json\" class=\"yoast-schema-graph\">{\"@context\":\"https:\\\/\\\/schema.org\",\"@graph\":[{\"@type\":\"Article\",\"@id\":\"https:\\\/\\\/zuuz.com.br\\\/como-funciona-a-recarga-de-um-veiculo-eletrico-hibrido\\\/#article\",\"isPartOf\":{\"@id\":\"https:\\\/\\\/zuuz.com.br\\\/como-funciona-a-recarga-de-um-veiculo-eletrico-hibrido\\\/\"},\"author\":{\"name\":\"Rodrigo Monteiro\",\"@id\":\"https:\\\/\\\/zuuz.com.br\\\/#\\\/schema\\\/person\\\/1a2f12fed119550e7265234ededb92d1\"},\"headline\":\"Como funciona a recarga de um ve\u00edculo el\u00e9trico \\\/ h\u00edbrido\",\"datePublished\":\"2023-03-02T19:07:44+00:00\",\"dateModified\":\"2023-03-02T19:32:45+00:00\",\"mainEntityOfPage\":{\"@id\":\"https:\\\/\\\/zuuz.com.br\\\/como-funciona-a-recarga-de-um-veiculo-eletrico-hibrido\\\/\"},\"wordCount\":1168,\"commentCount\":0,\"publisher\":{\"@id\":\"https:\\\/\\\/zuuz.com.br\\\/#organization\"},\"image\":{\"@id\":\"https:\\\/\\\/zuuz.com.br\\\/como-funciona-a-recarga-de-um-veiculo-eletrico-hibrido\\\/#primaryimage\"},\"thumbnailUrl\":\"https:\\\/\\\/zuuz.com.br\\\/wp-content\\\/uploads\\\/2023\\\/02\\\/ZuuZ-53-1024x683.jpg\",\"keywords\":[\"carregadores ve\u00edculos el\u00e9tricos\",\"carro el\u00e9trico\",\"recarga ve\u00edculo el\u00e9trico\",\"ve\u00edculo el\u00e9trico\"],\"articleSection\":[\"Como funcionam as esta\u00e7\u00f5es de recarga\",\"ZuuZ Mobilidade El\u00e9trica\"],\"inLanguage\":\"en-GB\",\"potentialAction\":[{\"@type\":\"CommentAction\",\"name\":\"Comment\",\"target\":[\"https:\\\/\\\/zuuz.com.br\\\/como-funciona-a-recarga-de-um-veiculo-eletrico-hibrido\\\/#respond\"]}]},{\"@type\":\"WebPage\",\"@id\":\"https:\\\/\\\/zuuz.com.br\\\/como-funciona-a-recarga-de-um-veiculo-eletrico-hibrido\\\/\",\"url\":\"https:\\\/\\\/zuuz.com.br\\\/como-funciona-a-recarga-de-um-veiculo-eletrico-hibrido\\\/\",\"name\":\"Como funciona a recarga de um ve\u00edculo el\u00e9trico \\\/ h\u00edbrido -\",\"isPartOf\":{\"@id\":\"https:\\\/\\\/zuuz.com.br\\\/#website\"},\"primaryImageOfPage\":{\"@id\":\"https:\\\/\\\/zuuz.com.br\\\/como-funciona-a-recarga-de-um-veiculo-eletrico-hibrido\\\/#primaryimage\"},\"image\":{\"@id\":\"https:\\\/\\\/zuuz.com.br\\\/como-funciona-a-recarga-de-um-veiculo-eletrico-hibrido\\\/#primaryimage\"},\"thumbnailUrl\":\"https:\\\/\\\/zuuz.com.br\\\/wp-content\\\/uploads\\\/2023\\\/02\\\/ZuuZ-53-1024x683.jpg\",\"datePublished\":\"2023-03-02T19:07:44+00:00\",\"dateModified\":\"2023-03-02T19:32:45+00:00\",\"description\":\"Tudo sobre como funciona recarga veiculo eletrico hibrido, al\u00e9m de plugs, conex\u00e7\u00f5es, baterias e outros pontos de recarga de ve\u00edculo el\u00e9trico\",\"breadcrumb\":{\"@id\":\"https:\\\/\\\/zuuz.com.br\\\/como-funciona-a-recarga-de-um-veiculo-eletrico-hibrido\\\/#breadcrumb\"},\"inLanguage\":\"en-GB\",\"potentialAction\":[{\"@type\":\"ReadAction\",\"target\":[\"https:\\\/\\\/zuuz.com.br\\\/como-funciona-a-recarga-de-um-veiculo-eletrico-hibrido\\\/\"]}]},{\"@type\":\"ImageObject\",\"inLanguage\":\"en-GB\",\"@id\":\"https:\\\/\\\/zuuz.com.br\\\/como-funciona-a-recarga-de-um-veiculo-eletrico-hibrido\\\/#primaryimage\",\"url\":\"https:\\\/\\\/zuuz.com.br\\\/wp-content\\\/uploads\\\/2023\\\/02\\\/ZuuZ-53-1024x683.jpg\",\"contentUrl\":\"https:\\\/\\\/zuuz.com.br\\\/wp-content\\\/uploads\\\/2023\\\/02\\\/ZuuZ-53-1024x683.jpg\"},{\"@type\":\"BreadcrumbList\",\"@id\":\"https:\\\/\\\/zuuz.com.br\\\/como-funciona-a-recarga-de-um-veiculo-eletrico-hibrido\\\/#breadcrumb\",\"itemListElement\":[{\"@type\":\"ListItem\",\"position\":1,\"name\":\"In\u00edcio\",\"item\":\"https:\\\/\\\/zuuz.com.br\\\/\"},{\"@type\":\"ListItem\",\"position\":2,\"name\":\"Como funciona a recarga de um ve\u00edculo el\u00e9trico \\\/ h\u00edbrido\"}]},{\"@type\":\"WebSite\",\"@id\":\"https:\\\/\\\/zuuz.com.br\\\/#website\",\"url\":\"https:\\\/\\\/zuuz.com.br\\\/\",\"name\":\"ZuuZ - Mobilidade El\u00e9trica\",\"description\":\"Recarga para Ve\u00edculos El\u00e9tricos em Condom\u00ednios Residenciais e Comerciais\",\"publisher\":{\"@id\":\"https:\\\/\\\/zuuz.com.br\\\/#organization\"},\"potentialAction\":[{\"@type\":\"SearchAction\",\"target\":{\"@type\":\"EntryPoint\",\"urlTemplate\":\"https:\\\/\\\/zuuz.com.br\\\/?s={search_term_string}\"},\"query-input\":{\"@type\":\"PropertyValueSpecification\",\"valueRequired\":true,\"valueName\":\"search_term_string\"}}],\"inLanguage\":\"en-GB\"},{\"@type\":\"Organization\",\"@id\":\"https:\\\/\\\/zuuz.com.br\\\/#organization\",\"name\":\"ZuuZ Mobilidade El\u00e9trica\",\"url\":\"https:\\\/\\\/zuuz.com.br\\\/\",\"logo\":{\"@type\":\"ImageObject\",\"inLanguage\":\"en-GB\",\"@id\":\"https:\\\/\\\/zuuz.com.br\\\/#\\\/schema\\\/logo\\\/image\\\/\",\"url\":\"https:\\\/\\\/zuuz.com.br\\\/wp-content\\\/uploads\\\/2023\\\/02\\\/Logo-compacto.jpg\",\"contentUrl\":\"https:\\\/\\\/zuuz.com.br\\\/wp-content\\\/uploads\\\/2023\\\/02\\\/Logo-compacto.jpg\",\"width\":349,\"height\":110,\"caption\":\"ZuuZ Mobilidade El\u00e9trica\"},\"image\":{\"@id\":\"https:\\\/\\\/zuuz.com.br\\\/#\\\/schema\\\/logo\\\/image\\\/\"},\"sameAs\":[\"https:\\\/\\\/www.facebook.com\\\/profile.php?id=100089280586493\",\"https:\\\/\\\/www.linkedin.com\\\/company\\\/zuuz\\\/\",\"http:\\\/\\\/www.instagram.com\\\/zuuz_mobilidade_eletrica\\\/\"]},{\"@type\":\"Person\",\"@id\":\"https:\\\/\\\/zuuz.com.br\\\/#\\\/schema\\\/person\\\/1a2f12fed119550e7265234ededb92d1\",\"name\":\"Rodrigo Monteiro\",\"image\":{\"@type\":\"ImageObject\",\"inLanguage\":\"en-GB\",\"@id\":\"https:\\\/\\\/zuuz.com.br\\\/wp-content\\\/litespeed\\\/avatar\\\/d2e598a3985ee24b426f31c8ce397fb4.jpg?ver=1776920062\",\"url\":\"https:\\\/\\\/zuuz.com.br\\\/wp-content\\\/litespeed\\\/avatar\\\/d2e598a3985ee24b426f31c8ce397fb4.jpg?ver=1776920062\",\"contentUrl\":\"https:\\\/\\\/zuuz.com.br\\\/wp-content\\\/litespeed\\\/avatar\\\/d2e598a3985ee24b426f31c8ce397fb4.jpg?ver=1776920062\",\"caption\":\"Rodrigo Monteiro\"},\"url\":\"https:\\\/\\\/zuuz.com.br\\\/en\\\/author\\\/marketing\\\/\"}]}<\/script>\n<!-- \/ Yoast SEO plugin. -->","yoast_head_json":{"title":"Como funciona a recarga de um ve\u00edculo el\u00e9trico \/ h\u00edbrido -","description":"Tudo sobre como funciona recarga veiculo eletrico hibrido, al\u00e9m de plugs, conex\u00e7\u00f5es, baterias e outros pontos de recarga de ve\u00edculo el\u00e9trico","robots":{"index":"index","follow":"follow","max-snippet":"max-snippet:-1","max-image-preview":"max-image-preview:large","max-video-preview":"max-video-preview:-1"},"canonical":"https:\/\/zuuz.com.br\/en\/como-funciona-a-recarga-de-um-veiculo-eletrico-hibrido\/","og_locale":"en_GB","og_type":"article","og_title":"Como funciona a recarga de um ve\u00edculo el\u00e9trico \/ h\u00edbrido -","og_description":"Tudo sobre como funciona recarga veiculo eletrico hibrido, al\u00e9m de plugs, conex\u00e7\u00f5es, baterias e outros pontos de recarga de ve\u00edculo el\u00e9trico","og_url":"https:\/\/zuuz.com.br\/en\/como-funciona-a-recarga-de-um-veiculo-eletrico-hibrido\/","og_site_name":"ZuuZ - Mobilidade El\u00e9trica","article_publisher":"https:\/\/www.facebook.com\/profile.php?id=100089280586493","article_published_time":"2023-03-02T19:07:44+00:00","article_modified_time":"2023-03-02T19:32:45+00:00","og_image":[{"url":"https:\/\/zuuz.com.br\/wp-content\/uploads\/2023\/02\/ZuuZ-53-1024x683.jpg","type":"","width":"","height":""}],"author":"Rodrigo Monteiro","twitter_card":"summary_large_image","twitter_misc":{"Written by":"Rodrigo Monteiro","Estimated reading time":"6 minutes"},"schema":{"@context":"https:\/\/schema.org","@graph":[{"@type":"Article","@id":"https:\/\/zuuz.com.br\/como-funciona-a-recarga-de-um-veiculo-eletrico-hibrido\/#article","isPartOf":{"@id":"https:\/\/zuuz.com.br\/como-funciona-a-recarga-de-um-veiculo-eletrico-hibrido\/"},"author":{"name":"Rodrigo Monteiro","@id":"https:\/\/zuuz.com.br\/#\/schema\/person\/1a2f12fed119550e7265234ededb92d1"},"headline":"Como funciona a recarga de um ve\u00edculo el\u00e9trico \/ h\u00edbrido","datePublished":"2023-03-02T19:07:44+00:00","dateModified":"2023-03-02T19:32:45+00:00","mainEntityOfPage":{"@id":"https:\/\/zuuz.com.br\/como-funciona-a-recarga-de-um-veiculo-eletrico-hibrido\/"},"wordCount":1168,"commentCount":0,"publisher":{"@id":"https:\/\/zuuz.com.br\/#organization"},"image":{"@id":"https:\/\/zuuz.com.br\/como-funciona-a-recarga-de-um-veiculo-eletrico-hibrido\/#primaryimage"},"thumbnailUrl":"https:\/\/zuuz.com.br\/wp-content\/uploads\/2023\/02\/ZuuZ-53-1024x683.jpg","keywords":["carregadores ve\u00edculos el\u00e9tricos","carro el\u00e9trico","recarga ve\u00edculo el\u00e9trico","ve\u00edculo el\u00e9trico"],"articleSection":["Como funcionam as esta\u00e7\u00f5es de recarga","ZuuZ Mobilidade El\u00e9trica"],"inLanguage":"en-GB","potentialAction":[{"@type":"CommentAction","name":"Comment","target":["https:\/\/zuuz.com.br\/como-funciona-a-recarga-de-um-veiculo-eletrico-hibrido\/#respond"]}]},{"@type":"WebPage","@id":"https:\/\/zuuz.com.br\/como-funciona-a-recarga-de-um-veiculo-eletrico-hibrido\/","url":"https:\/\/zuuz.com.br\/como-funciona-a-recarga-de-um-veiculo-eletrico-hibrido\/","name":"Como funciona a recarga de um ve\u00edculo el\u00e9trico \/ h\u00edbrido -","isPartOf":{"@id":"https:\/\/zuuz.com.br\/#website"},"primaryImageOfPage":{"@id":"https:\/\/zuuz.com.br\/como-funciona-a-recarga-de-um-veiculo-eletrico-hibrido\/#primaryimage"},"image":{"@id":"https:\/\/zuuz.com.br\/como-funciona-a-recarga-de-um-veiculo-eletrico-hibrido\/#primaryimage"},"thumbnailUrl":"https:\/\/zuuz.com.br\/wp-content\/uploads\/2023\/02\/ZuuZ-53-1024x683.jpg","datePublished":"2023-03-02T19:07:44+00:00","dateModified":"2023-03-02T19:32:45+00:00","description":"Tudo sobre como funciona recarga veiculo eletrico hibrido, al\u00e9m de plugs, conex\u00e7\u00f5es, baterias e outros pontos de recarga de ve\u00edculo el\u00e9trico","breadcrumb":{"@id":"https:\/\/zuuz.com.br\/como-funciona-a-recarga-de-um-veiculo-eletrico-hibrido\/#breadcrumb"},"inLanguage":"en-GB","potentialAction":[{"@type":"ReadAction","target":["https:\/\/zuuz.com.br\/como-funciona-a-recarga-de-um-veiculo-eletrico-hibrido\/"]}]},{"@type":"ImageObject","inLanguage":"en-GB","@id":"https:\/\/zuuz.com.br\/como-funciona-a-recarga-de-um-veiculo-eletrico-hibrido\/#primaryimage","url":"https:\/\/zuuz.com.br\/wp-content\/uploads\/2023\/02\/ZuuZ-53-1024x683.jpg","contentUrl":"https:\/\/zuuz.com.br\/wp-content\/uploads\/2023\/02\/ZuuZ-53-1024x683.jpg"},{"@type":"BreadcrumbList","@id":"https:\/\/zuuz.com.br\/como-funciona-a-recarga-de-um-veiculo-eletrico-hibrido\/#breadcrumb","itemListElement":[{"@type":"ListItem","position":1,"name":"In\u00edcio","item":"https:\/\/zuuz.com.br\/"},{"@type":"ListItem","position":2,"name":"Como funciona a recarga de um ve\u00edculo el\u00e9trico \/ h\u00edbrido"}]},{"@type":"WebSite","@id":"https:\/\/zuuz.com.br\/#website","url":"https:\/\/zuuz.com.br\/","name":"ZuuZ - Mobilidade El\u00e9trica","description":"Recarga para Ve\u00edculos El\u00e9tricos em Condom\u00ednios Residenciais e Comerciais","publisher":{"@id":"https:\/\/zuuz.com.br\/#organization"},"potentialAction":[{"@type":"SearchAction","target":{"@type":"EntryPoint","urlTemplate":"https:\/\/zuuz.com.br\/?s={search_term_string}"},"query-input":{"@type":"PropertyValueSpecification","valueRequired":true,"valueName":"search_term_string"}}],"inLanguage":"en-GB"},{"@type":"Organization","@id":"https:\/\/zuuz.com.br\/#organization","name":"ZuuZ Mobilidade El\u00e9trica","url":"https:\/\/zuuz.com.br\/","logo":{"@type":"ImageObject","inLanguage":"en-GB","@id":"https:\/\/zuuz.com.br\/#\/schema\/logo\/image\/","url":"https:\/\/zuuz.com.br\/wp-content\/uploads\/2023\/02\/Logo-compacto.jpg","contentUrl":"https:\/\/zuuz.com.br\/wp-content\/uploads\/2023\/02\/Logo-compacto.jpg","width":349,"height":110,"caption":"ZuuZ Mobilidade El\u00e9trica"},"image":{"@id":"https:\/\/zuuz.com.br\/#\/schema\/logo\/image\/"},"sameAs":["https:\/\/www.facebook.com\/profile.php?id=100089280586493","https:\/\/www.linkedin.com\/company\/zuuz\/","http:\/\/www.instagram.com\/zuuz_mobilidade_eletrica\/"]},{"@type":"Person","@id":"https:\/\/zuuz.com.br\/#\/schema\/person\/1a2f12fed119550e7265234ededb92d1","name":"Rodrigo Monteiro","image":{"@type":"ImageObject","inLanguage":"en-GB","@id":"https:\/\/zuuz.com.br\/wp-content\/litespeed\/avatar\/d2e598a3985ee24b426f31c8ce397fb4.jpg?ver=1776920062","url":"https:\/\/zuuz.com.br\/wp-content\/litespeed\/avatar\/d2e598a3985ee24b426f31c8ce397fb4.jpg?ver=1776920062","contentUrl":"https:\/\/zuuz.com.br\/wp-content\/litespeed\/avatar\/d2e598a3985ee24b426f31c8ce397fb4.jpg?ver=1776920062","caption":"Rodrigo Monteiro"},"url":"https:\/\/zuuz.com.br\/en\/author\/marketing\/"}]}},"_links":{"self":[{"href":"https:\/\/zuuz.com.br\/en\/wp-json\/wp\/v2\/posts\/738","targetHints":{"allow":["GET"]}}],"collection":[{"href":"https:\/\/zuuz.com.br\/en\/wp-json\/wp\/v2\/posts"}],"about":[{"href":"https:\/\/zuuz.com.br\/en\/wp-json\/wp\/v2\/types\/post"}],"author":[{"embeddable":true,"href":"https:\/\/zuuz.com.br\/en\/wp-json\/wp\/v2\/users\/18"}],"replies":[{"embeddable":true,"href":"https:\/\/zuuz.com.br\/en\/wp-json\/wp\/v2\/comments?post=738"}],"version-history":[{"count":28,"href":"https:\/\/zuuz.com.br\/en\/wp-json\/wp\/v2\/posts\/738\/revisions"}],"predecessor-version":[{"id":767,"href":"https:\/\/zuuz.com.br\/en\/wp-json\/wp\/v2\/posts\/738\/revisions\/767"}],"wp:attachment":[{"href":"https:\/\/zuuz.com.br\/en\/wp-json\/wp\/v2\/media?parent=738"}],"wp:term":[{"taxonomy":"category","embeddable":true,"href":"https:\/\/zuuz.com.br\/en\/wp-json\/wp\/v2\/categories?post=738"},{"taxonomy":"post_tag","embeddable":true,"href":"https:\/\/zuuz.com.br\/en\/wp-json\/wp\/v2\/tags?post=738"}],"curies":[{"name":"wp","href":"https:\/\/api.w.org\/{rel}","templated":true}]}}