{"id":787,"date":"2023-03-03T13:33:53","date_gmt":"2023-03-03T16:33:53","guid":{"rendered":"https:\/\/zuuz.com.br\/?p=787"},"modified":"2023-03-07T09:49:02","modified_gmt":"2023-03-07T12:49:02","slug":"dicas-para-implementar-estacao-de-recarga-eletrica-no-seu-condominio","status":"publish","type":"post","link":"https:\/\/zuuz.com.br\/en\/dicas-para-implementar-estacao-de-recarga-eletrica-no-seu-condominio\/","title":{"rendered":"Dicas para implementar esta\u00e7\u00e3o de recarga el\u00e9trica no seu condom\u00ednio"},"content":{"rendered":"<div data-elementor-type=\"wp-post\" data-elementor-id=\"787\" class=\"elementor elementor-787\" data-elementor-post-type=\"post\">\n\t\t\t\t\t\t<section class=\"elementor-section elementor-top-section elementor-element elementor-element-547f1b4e elementor-section-boxed elementor-section-height-default elementor-section-height-default\" data-id=\"547f1b4e\" data-element_type=\"section\" data-e-type=\"section\">\n\t\t\t\t\t\t<div class=\"elementor-container elementor-column-gap-default\">\n\t\t\t\t\t<div class=\"elementor-column elementor-col-100 elementor-top-column elementor-element elementor-element-93a0686\" data-id=\"93a0686\" data-element_type=\"column\" data-e-type=\"column\">\n\t\t\t<div class=\"elementor-widget-wrap elementor-element-populated\">\n\t\t\t\t\t\t<div class=\"elementor-element elementor-element-6cdcc90 elementor-widget elementor-widget-image\" data-id=\"6cdcc90\" data-element_type=\"widget\" data-e-type=\"widget\" data-widget_type=\"image.default\">\n\t\t\t\t\t\t\t\t\t\t\t\t\t\t\t<img fetchpriority=\"high\" decoding=\"async\" width=\"1024\" height=\"542\" src=\"https:\/\/zuuz.com.br\/wp-content\/uploads\/2023\/02\/Zuuz-28-10-2021-imagem-6-1024x542.jpg\" class=\"attachment-large size-large wp-image-649\" alt=\"Dicas para implementar esta\u00e7\u00e3o de recarga condom\u00ednio\" srcset=\"https:\/\/zuuz.com.br\/wp-content\/uploads\/2023\/02\/Zuuz-28-10-2021-imagem-6-1024x542.jpg 1024w, https:\/\/zuuz.com.br\/wp-content\/uploads\/2023\/02\/Zuuz-28-10-2021-imagem-6-300x159.jpg 300w, https:\/\/zuuz.com.br\/wp-content\/uploads\/2023\/02\/Zuuz-28-10-2021-imagem-6-768x407.jpg 768w, https:\/\/zuuz.com.br\/wp-content\/uploads\/2023\/02\/Zuuz-28-10-2021-imagem-6-1536x814.jpg 1536w, https:\/\/zuuz.com.br\/wp-content\/uploads\/2023\/02\/Zuuz-28-10-2021-imagem-6-18x10.jpg 18w, https:\/\/zuuz.com.br\/wp-content\/uploads\/2023\/02\/Zuuz-28-10-2021-imagem-6.jpg 1616w\" sizes=\"(max-width: 1024px) 100vw, 1024px\" \/>\t\t\t\t\t\t\t\t\t\t\t\t\t\t\t<\/div>\n\t\t\t\t<div class=\"elementor-element elementor-element-e144415 elementor-widget elementor-widget-heading\" data-id=\"e144415\" data-element_type=\"widget\" data-e-type=\"widget\" data-widget_type=\"heading.default\">\n\t\t\t\t\t<h2 class=\"elementor-heading-title elementor-size-default\">O cen\u00e1rio do mercado el\u00e9trico<\/h2>\t\t\t\t<\/div>\n\t\t\t\t<div class=\"elementor-element elementor-element-3ebeca7f elementor-widget elementor-widget-text-editor\" data-id=\"3ebeca7f\" data-element_type=\"widget\" data-e-type=\"widget\" data-widget_type=\"text-editor.default\">\n\t\t\t\t\t\t\t\t\t<p>Implementar esta\u00e7\u00f5es de recarga el\u00e9trica em condom\u00ednios \u00e9 uma grande realidade. Autom\u00f3veis h\u00edbridos e el\u00e9tricos est\u00e3o crescendo nas ruas das principais cidades n\u00e3o \u00e9 novidade. Reportagem recente do <a href=\"https:\/\/jornaldocarro.estadao.com.br\/carros\/eletricos-um-em-cada-dez-veiculos-vendidos-em-2022-foram-a-baterias\/\">Jornal do Carro<\/a>, 2022 teve um crescimento recorde nessas vendas, com 1 a cada 10 ve\u00edculos novos no mundo sendo 100% el\u00e9tricos.&nbsp; Se somarmos os h\u00edbridos (movido a combust\u00e3o e eletricidade), chegamos a 14%.<\/p>\n<p><br><\/p>\n<p><span style=\"color: var( --e-global-color-text ); font-family: var( --e-global-typography-text-font-family ), Sans-serif;\">Nas grandes cidades do Brasil, onde o volume desses ve\u00edculos \u00e9 mais concentrado, sabemos do desafio para implementar suas esta\u00e7\u00f5es de recarga. &nbsp;No <\/span><a href=\"https:\/\/zuuz.com.br\/en\/tudo-sobre-o-recarregamento-de-veiculos-eletricos\/\" style=\"font-family: var( --e-global-typography-text-font-family ), Sans-serif; background-color: rgb(255, 255, 255);\">post anterior<\/a><span style=\"color: var( --e-global-color-text ); font-family: var( --e-global-typography-text-font-family ), Sans-serif;\"> apresentamos alguns conceitos sobre tipos de recarregador, conex\u00f5es e baterias.<\/span><\/p><p><span style=\"color: var( --e-global-color-text ); font-family: var( --e-global-typography-text-font-family ), Sans-serif;\"><br><\/span><\/p>\n<p>Esse tipo de conte\u00fado ainda \u00e9 novo para muitos, mas \u00e9 importante come\u00e7ar a pesquisar e entender mais as especificidades de recarga para ve\u00edculos el\u00e9tricos.<\/p>\t\t\t\t\t\t\t\t<\/div>\n\t\t\t\t<div class=\"elementor-element elementor-element-e9cb6b4 elementor-widget elementor-widget-heading\" data-id=\"e9cb6b4\" data-element_type=\"widget\" data-e-type=\"widget\" data-widget_type=\"heading.default\">\n\t\t\t\t\t<h3 class=\"elementor-heading-title elementor-size-default\">Como iniciar<\/h3>\t\t\t\t<\/div>\n\t\t\t\t<div class=\"elementor-element elementor-element-31a0255 elementor-widget elementor-widget-text-editor\" data-id=\"31a0255\" data-element_type=\"widget\" data-e-type=\"widget\" data-widget_type=\"text-editor.default\">\n\t\t\t\t\t\t\t\t\t<p>Agora quando falamos em solu\u00e7\u00f5es para edif\u00edcios, principalmente os que j\u00e1 est\u00e3o prontos e habitados, precisamos entender alguns pontos espec\u00edficos para compreender como estar noto para fazer a correta instala\u00e7\u00e3o.<\/p><p>\u00a0<\/p><p>Primeiramente \u00e9 preciso entender o n\u00famero de vagas que pretende se converter em esta\u00e7\u00e3o de recarga. Para edif\u00edcios residenciais \u00e9 poss\u00edvel pensar em 2 solu\u00e7\u00f5es:\u00a0 O morador contra uma solu\u00e7\u00e3o direto para sua vaga fixa, ou o condom\u00ednio implementa alguns pontos de recarga em vagas rotativas, para atender o maior n\u00famero de usu\u00e1rios.<\/p><p>\u00a0<\/p><p>Com esse planejamento em mente \u00e9 preciso entender o sistema de energia do pr\u00e9dio. Com o mapeamento das plantas de energia e de vagas do estacionamento, \u00e9 poss\u00edvel entender quais altera\u00e7\u00f5es dever\u00e3o ser realizadas para levar as esta\u00e7\u00f5es \u00e0s respectivas vagas.<\/p><p>\u00a0<\/p><p>Existe tamb\u00e9m o papel do s\u00edndico ou administrador do pr\u00e9dio em escolher o fornecedor com a melhor solu\u00e7\u00e3o. \u00c9 recomendado principalmente que a empresa instaladora fa\u00e7a um balanceamento energ\u00e9tico da pot\u00eancia adequada, assim possibilita que as recargas sejam feitas e a energia geral do pr\u00e9dio, utilizada para outros fins como ilumina\u00e7\u00e3o, elevadores etc, n\u00e3o sofra interfer\u00eancia.\u00a0<\/p><p>\u00a0<\/p><p>Por isso \u00e9 fundamental\u00a0ter acesso a dicas para implementar esta\u00e7\u00e3o de recarga el\u00e9trica no seu condom\u00ednio e a<span style=\"color: var( --e-global-color-text ); font-family: var( --e-global-typography-text-font-family ), Sans-serif;\">\u00a0ZuuZ Mobilidade El\u00e9trica preparou um conte\u00fado gratuito e exclusivo para voc\u00ea saber mais &#8211;\u00a0<\/span><a style=\"background-color: #ffffff; font-family: var( --e-global-typography-text-font-family ), Sans-serif;\" href=\"https:\/\/zuuz.rds.land\/guia-completo-de-estrutura-de-carregamento-para-ve-blog\">Guia para Implementa\u00e7\u00e3o e Gest\u00e3o de esta\u00e7\u00f5es de recarga em condom\u00ednios<\/a><\/p>\t\t\t\t\t\t\t\t<\/div>\n\t\t\t\t\t<\/div>\n\t\t<\/div>\n\t\t\t\t\t<\/div>\n\t\t<\/section>\n\t\t\t\t<\/div>","protected":false},"excerpt":{"rendered":"<p>O cen\u00e1rio do mercado el\u00e9trico Implementar esta\u00e7\u00f5es de recarga el\u00e9trica em condom\u00ednios \u00e9 uma grande realidade. Autom\u00f3veis h\u00edbridos e el\u00e9tricos est\u00e3o crescendo nas ruas das principais cidades n\u00e3o \u00e9 novidade. Reportagem recente do Jornal do Carro, 2022 teve um crescimento recorde nessas vendas, com 1 a cada 10 ve\u00edculos novos &#8230; <a title=\"Dicas para implementar esta\u00e7\u00e3o de recarga el\u00e9trica no seu condom\u00ednio\" class=\"read-more\" href=\"https:\/\/zuuz.com.br\/en\/dicas-para-implementar-estacao-de-recarga-eletrica-no-seu-condominio\/\" aria-label=\"Read more about Dicas para implementar esta\u00e7\u00e3o de recarga el\u00e9trica no seu condom\u00ednio\">Read more<\/a><\/p>","protected":false},"author":18,"featured_media":0,"comment_status":"open","ping_status":"open","sticky":false,"template":"","format":"standard","meta":{"_monsterinsights_skip_tracking":false,"_monsterinsights_sitenote_active":false,"_monsterinsights_sitenote_note":"","_monsterinsights_sitenote_category":0,"footnotes":""},"categories":[29],"tags":[24,46,44,45,26,25,47],"class_list":["post-787","post","type-post","status-publish","format-standard","hentry","category-funcionamento-de-estacoes-de-recarga","tag-carro-eletrico","tag-carro-eletrico-condominio","tag-dicas","tag-dicas-de-implementacao-estacao-de-recarga","tag-estacao-de-recarga-veiculo-eletrico","tag-veiculo-eletrico","tag-veiculo-eletrico-condominio"],"yoast_head":"<!-- This site is optimized with the Yoast SEO plugin v27.4 - https:\/\/yoast.com\/product\/yoast-seo-wordpress\/ -->\n<title>Dicas para Implementar Esta\u00e7\u00e3o de Recarga El\u00e9trica em Edif\u00edcios<\/title>\n<meta name=\"description\" content=\"Confira no Blog da ZuuZ dicas para implementar esta\u00e7\u00e3o de recarga el\u00e9trica no seu condom\u00ednio residencial ou comercial\" \/>\n<meta name=\"robots\" content=\"index, follow, max-snippet:-1, max-image-preview:large, max-video-preview:-1\" \/>\n<link rel=\"canonical\" href=\"https:\/\/zuuz.com.br\/en\/dicas-para-implementar-estacao-de-recarga-eletrica-no-seu-condominio\/\" \/>\n<meta property=\"og:locale\" content=\"en_GB\" \/>\n<meta property=\"og:type\" content=\"article\" \/>\n<meta property=\"og:title\" content=\"Dicas para Implementar Esta\u00e7\u00e3o de Recarga El\u00e9trica em Edif\u00edcios\" \/>\n<meta property=\"og:description\" content=\"Confira no Blog da ZuuZ dicas para implementar esta\u00e7\u00e3o de recarga el\u00e9trica no seu condom\u00ednio residencial ou comercial\" \/>\n<meta property=\"og:url\" content=\"https:\/\/zuuz.com.br\/en\/dicas-para-implementar-estacao-de-recarga-eletrica-no-seu-condominio\/\" \/>\n<meta property=\"og:site_name\" content=\"ZuuZ - Mobilidade El\u00e9trica\" \/>\n<meta property=\"article:publisher\" content=\"https:\/\/www.facebook.com\/profile.php?id=100089280586493\" \/>\n<meta property=\"article:published_time\" content=\"2023-03-03T16:33:53+00:00\" \/>\n<meta property=\"article:modified_time\" content=\"2023-03-07T12:49:02+00:00\" \/>\n<meta property=\"og:image\" content=\"https:\/\/zuuz.com.br\/wp-content\/uploads\/2023\/02\/Zuuz-28-10-2021-imagem-6-1024x542.jpg\" \/>\n<meta name=\"author\" content=\"Rodrigo Monteiro\" \/>\n<meta name=\"twitter:card\" content=\"summary_large_image\" \/>\n<meta name=\"twitter:label1\" content=\"Written by\" \/>\n\t<meta name=\"twitter:data1\" content=\"Rodrigo Monteiro\" \/>\n\t<meta name=\"twitter:label2\" content=\"Estimated reading time\" \/>\n\t<meta name=\"twitter:data2\" content=\"3 minutes\" \/>\n<script type=\"application\/ld+json\" class=\"yoast-schema-graph\">{\"@context\":\"https:\\\/\\\/schema.org\",\"@graph\":[{\"@type\":\"Article\",\"@id\":\"https:\\\/\\\/zuuz.com.br\\\/dicas-para-implementar-estacao-de-recarga-eletrica-no-seu-condominio\\\/#article\",\"isPartOf\":{\"@id\":\"https:\\\/\\\/zuuz.com.br\\\/dicas-para-implementar-estacao-de-recarga-eletrica-no-seu-condominio\\\/\"},\"author\":{\"name\":\"Rodrigo Monteiro\",\"@id\":\"https:\\\/\\\/zuuz.com.br\\\/#\\\/schema\\\/person\\\/1a2f12fed119550e7265234ededb92d1\"},\"headline\":\"Dicas para implementar esta\u00e7\u00e3o de recarga el\u00e9trica no seu condom\u00ednio\",\"datePublished\":\"2023-03-03T16:33:53+00:00\",\"dateModified\":\"2023-03-07T12:49:02+00:00\",\"mainEntityOfPage\":{\"@id\":\"https:\\\/\\\/zuuz.com.br\\\/dicas-para-implementar-estacao-de-recarga-eletrica-no-seu-condominio\\\/\"},\"wordCount\":411,\"commentCount\":0,\"publisher\":{\"@id\":\"https:\\\/\\\/zuuz.com.br\\\/#organization\"},\"image\":{\"@id\":\"https:\\\/\\\/zuuz.com.br\\\/dicas-para-implementar-estacao-de-recarga-eletrica-no-seu-condominio\\\/#primaryimage\"},\"thumbnailUrl\":\"https:\\\/\\\/zuuz.com.br\\\/wp-content\\\/uploads\\\/2023\\\/02\\\/Zuuz-28-10-2021-imagem-6-1024x542.jpg\",\"keywords\":[\"carro el\u00e9trico\",\"carro el\u00e9trico condom\u00ednio\",\"dicas\",\"dicas de implementa\u00e7\u00e3o esta\u00e7\u00e3o de recarga\",\"esta\u00e7\u00e3o de recarga ve\u00edculo el\u00e9trico\",\"ve\u00edculo el\u00e9trico\",\"ve\u00edculo el\u00e9trico condom\u00ednio\"],\"articleSection\":[\"Como funcionam as esta\u00e7\u00f5es de recarga\"],\"inLanguage\":\"en-GB\",\"potentialAction\":[{\"@type\":\"CommentAction\",\"name\":\"Comment\",\"target\":[\"https:\\\/\\\/zuuz.com.br\\\/dicas-para-implementar-estacao-de-recarga-eletrica-no-seu-condominio\\\/#respond\"]}]},{\"@type\":\"WebPage\",\"@id\":\"https:\\\/\\\/zuuz.com.br\\\/dicas-para-implementar-estacao-de-recarga-eletrica-no-seu-condominio\\\/\",\"url\":\"https:\\\/\\\/zuuz.com.br\\\/dicas-para-implementar-estacao-de-recarga-eletrica-no-seu-condominio\\\/\",\"name\":\"Dicas para Implementar Esta\u00e7\u00e3o de Recarga El\u00e9trica em Edif\u00edcios\",\"isPartOf\":{\"@id\":\"https:\\\/\\\/zuuz.com.br\\\/#website\"},\"primaryImageOfPage\":{\"@id\":\"https:\\\/\\\/zuuz.com.br\\\/dicas-para-implementar-estacao-de-recarga-eletrica-no-seu-condominio\\\/#primaryimage\"},\"image\":{\"@id\":\"https:\\\/\\\/zuuz.com.br\\\/dicas-para-implementar-estacao-de-recarga-eletrica-no-seu-condominio\\\/#primaryimage\"},\"thumbnailUrl\":\"https:\\\/\\\/zuuz.com.br\\\/wp-content\\\/uploads\\\/2023\\\/02\\\/Zuuz-28-10-2021-imagem-6-1024x542.jpg\",\"datePublished\":\"2023-03-03T16:33:53+00:00\",\"dateModified\":\"2023-03-07T12:49:02+00:00\",\"description\":\"Confira no Blog da ZuuZ dicas para implementar esta\u00e7\u00e3o de recarga el\u00e9trica no seu condom\u00ednio residencial ou comercial\",\"breadcrumb\":{\"@id\":\"https:\\\/\\\/zuuz.com.br\\\/dicas-para-implementar-estacao-de-recarga-eletrica-no-seu-condominio\\\/#breadcrumb\"},\"inLanguage\":\"en-GB\",\"potentialAction\":[{\"@type\":\"ReadAction\",\"target\":[\"https:\\\/\\\/zuuz.com.br\\\/dicas-para-implementar-estacao-de-recarga-eletrica-no-seu-condominio\\\/\"]}]},{\"@type\":\"ImageObject\",\"inLanguage\":\"en-GB\",\"@id\":\"https:\\\/\\\/zuuz.com.br\\\/dicas-para-implementar-estacao-de-recarga-eletrica-no-seu-condominio\\\/#primaryimage\",\"url\":\"https:\\\/\\\/zuuz.com.br\\\/wp-content\\\/uploads\\\/2023\\\/02\\\/Zuuz-28-10-2021-imagem-6-1024x542.jpg\",\"contentUrl\":\"https:\\\/\\\/zuuz.com.br\\\/wp-content\\\/uploads\\\/2023\\\/02\\\/Zuuz-28-10-2021-imagem-6-1024x542.jpg\"},{\"@type\":\"BreadcrumbList\",\"@id\":\"https:\\\/\\\/zuuz.com.br\\\/dicas-para-implementar-estacao-de-recarga-eletrica-no-seu-condominio\\\/#breadcrumb\",\"itemListElement\":[{\"@type\":\"ListItem\",\"position\":1,\"name\":\"In\u00edcio\",\"item\":\"https:\\\/\\\/zuuz.com.br\\\/\"},{\"@type\":\"ListItem\",\"position\":2,\"name\":\"Dicas para implementar esta\u00e7\u00e3o de recarga el\u00e9trica no seu condom\u00ednio\"}]},{\"@type\":\"WebSite\",\"@id\":\"https:\\\/\\\/zuuz.com.br\\\/#website\",\"url\":\"https:\\\/\\\/zuuz.com.br\\\/\",\"name\":\"ZuuZ - Mobilidade El\u00e9trica\",\"description\":\"Recarga para Ve\u00edculos El\u00e9tricos em Condom\u00ednios Residenciais e Comerciais\",\"publisher\":{\"@id\":\"https:\\\/\\\/zuuz.com.br\\\/#organization\"},\"potentialAction\":[{\"@type\":\"SearchAction\",\"target\":{\"@type\":\"EntryPoint\",\"urlTemplate\":\"https:\\\/\\\/zuuz.com.br\\\/?s={search_term_string}\"},\"query-input\":{\"@type\":\"PropertyValueSpecification\",\"valueRequired\":true,\"valueName\":\"search_term_string\"}}],\"inLanguage\":\"en-GB\"},{\"@type\":\"Organization\",\"@id\":\"https:\\\/\\\/zuuz.com.br\\\/#organization\",\"name\":\"ZuuZ Mobilidade El\u00e9trica\",\"url\":\"https:\\\/\\\/zuuz.com.br\\\/\",\"logo\":{\"@type\":\"ImageObject\",\"inLanguage\":\"en-GB\",\"@id\":\"https:\\\/\\\/zuuz.com.br\\\/#\\\/schema\\\/logo\\\/image\\\/\",\"url\":\"https:\\\/\\\/zuuz.com.br\\\/wp-content\\\/uploads\\\/2023\\\/02\\\/Logo-compacto.jpg\",\"contentUrl\":\"https:\\\/\\\/zuuz.com.br\\\/wp-content\\\/uploads\\\/2023\\\/02\\\/Logo-compacto.jpg\",\"width\":349,\"height\":110,\"caption\":\"ZuuZ Mobilidade El\u00e9trica\"},\"image\":{\"@id\":\"https:\\\/\\\/zuuz.com.br\\\/#\\\/schema\\\/logo\\\/image\\\/\"},\"sameAs\":[\"https:\\\/\\\/www.facebook.com\\\/profile.php?id=100089280586493\",\"https:\\\/\\\/www.linkedin.com\\\/company\\\/zuuz\\\/\",\"http:\\\/\\\/www.instagram.com\\\/zuuz_mobilidade_eletrica\\\/\"]},{\"@type\":\"Person\",\"@id\":\"https:\\\/\\\/zuuz.com.br\\\/#\\\/schema\\\/person\\\/1a2f12fed119550e7265234ededb92d1\",\"name\":\"Rodrigo Monteiro\",\"image\":{\"@type\":\"ImageObject\",\"inLanguage\":\"en-GB\",\"@id\":\"https:\\\/\\\/zuuz.com.br\\\/wp-content\\\/litespeed\\\/avatar\\\/d2e598a3985ee24b426f31c8ce397fb4.jpg?ver=1776920062\",\"url\":\"https:\\\/\\\/zuuz.com.br\\\/wp-content\\\/litespeed\\\/avatar\\\/d2e598a3985ee24b426f31c8ce397fb4.jpg?ver=1776920062\",\"contentUrl\":\"https:\\\/\\\/zuuz.com.br\\\/wp-content\\\/litespeed\\\/avatar\\\/d2e598a3985ee24b426f31c8ce397fb4.jpg?ver=1776920062\",\"caption\":\"Rodrigo Monteiro\"},\"url\":\"https:\\\/\\\/zuuz.com.br\\\/en\\\/author\\\/marketing\\\/\"}]}<\/script>\n<!-- \/ Yoast SEO plugin. -->","yoast_head_json":{"title":"Dicas para Implementar Esta\u00e7\u00e3o de Recarga El\u00e9trica em Edif\u00edcios","description":"Confira no Blog da ZuuZ dicas para implementar esta\u00e7\u00e3o de recarga el\u00e9trica no seu condom\u00ednio residencial ou comercial","robots":{"index":"index","follow":"follow","max-snippet":"max-snippet:-1","max-image-preview":"max-image-preview:large","max-video-preview":"max-video-preview:-1"},"canonical":"https:\/\/zuuz.com.br\/en\/dicas-para-implementar-estacao-de-recarga-eletrica-no-seu-condominio\/","og_locale":"en_GB","og_type":"article","og_title":"Dicas para Implementar Esta\u00e7\u00e3o de Recarga El\u00e9trica em Edif\u00edcios","og_description":"Confira no Blog da ZuuZ dicas para implementar esta\u00e7\u00e3o de recarga el\u00e9trica no seu condom\u00ednio residencial ou comercial","og_url":"https:\/\/zuuz.com.br\/en\/dicas-para-implementar-estacao-de-recarga-eletrica-no-seu-condominio\/","og_site_name":"ZuuZ - Mobilidade El\u00e9trica","article_publisher":"https:\/\/www.facebook.com\/profile.php?id=100089280586493","article_published_time":"2023-03-03T16:33:53+00:00","article_modified_time":"2023-03-07T12:49:02+00:00","og_image":[{"url":"https:\/\/zuuz.com.br\/wp-content\/uploads\/2023\/02\/Zuuz-28-10-2021-imagem-6-1024x542.jpg","type":"","width":"","height":""}],"author":"Rodrigo Monteiro","twitter_card":"summary_large_image","twitter_misc":{"Written by":"Rodrigo Monteiro","Estimated reading time":"3 minutes"},"schema":{"@context":"https:\/\/schema.org","@graph":[{"@type":"Article","@id":"https:\/\/zuuz.com.br\/dicas-para-implementar-estacao-de-recarga-eletrica-no-seu-condominio\/#article","isPartOf":{"@id":"https:\/\/zuuz.com.br\/dicas-para-implementar-estacao-de-recarga-eletrica-no-seu-condominio\/"},"author":{"name":"Rodrigo Monteiro","@id":"https:\/\/zuuz.com.br\/#\/schema\/person\/1a2f12fed119550e7265234ededb92d1"},"headline":"Dicas para implementar esta\u00e7\u00e3o de recarga el\u00e9trica no seu condom\u00ednio","datePublished":"2023-03-03T16:33:53+00:00","dateModified":"2023-03-07T12:49:02+00:00","mainEntityOfPage":{"@id":"https:\/\/zuuz.com.br\/dicas-para-implementar-estacao-de-recarga-eletrica-no-seu-condominio\/"},"wordCount":411,"commentCount":0,"publisher":{"@id":"https:\/\/zuuz.com.br\/#organization"},"image":{"@id":"https:\/\/zuuz.com.br\/dicas-para-implementar-estacao-de-recarga-eletrica-no-seu-condominio\/#primaryimage"},"thumbnailUrl":"https:\/\/zuuz.com.br\/wp-content\/uploads\/2023\/02\/Zuuz-28-10-2021-imagem-6-1024x542.jpg","keywords":["carro el\u00e9trico","carro el\u00e9trico condom\u00ednio","dicas","dicas de implementa\u00e7\u00e3o esta\u00e7\u00e3o de recarga","esta\u00e7\u00e3o de recarga ve\u00edculo el\u00e9trico","ve\u00edculo el\u00e9trico","ve\u00edculo el\u00e9trico condom\u00ednio"],"articleSection":["Como funcionam as esta\u00e7\u00f5es de recarga"],"inLanguage":"en-GB","potentialAction":[{"@type":"CommentAction","name":"Comment","target":["https:\/\/zuuz.com.br\/dicas-para-implementar-estacao-de-recarga-eletrica-no-seu-condominio\/#respond"]}]},{"@type":"WebPage","@id":"https:\/\/zuuz.com.br\/dicas-para-implementar-estacao-de-recarga-eletrica-no-seu-condominio\/","url":"https:\/\/zuuz.com.br\/dicas-para-implementar-estacao-de-recarga-eletrica-no-seu-condominio\/","name":"Dicas para Implementar Esta\u00e7\u00e3o de Recarga El\u00e9trica em Edif\u00edcios","isPartOf":{"@id":"https:\/\/zuuz.com.br\/#website"},"primaryImageOfPage":{"@id":"https:\/\/zuuz.com.br\/dicas-para-implementar-estacao-de-recarga-eletrica-no-seu-condominio\/#primaryimage"},"image":{"@id":"https:\/\/zuuz.com.br\/dicas-para-implementar-estacao-de-recarga-eletrica-no-seu-condominio\/#primaryimage"},"thumbnailUrl":"https:\/\/zuuz.com.br\/wp-content\/uploads\/2023\/02\/Zuuz-28-10-2021-imagem-6-1024x542.jpg","datePublished":"2023-03-03T16:33:53+00:00","dateModified":"2023-03-07T12:49:02+00:00","description":"Confira no Blog da ZuuZ dicas para implementar esta\u00e7\u00e3o de recarga el\u00e9trica no seu condom\u00ednio residencial ou comercial","breadcrumb":{"@id":"https:\/\/zuuz.com.br\/dicas-para-implementar-estacao-de-recarga-eletrica-no-seu-condominio\/#breadcrumb"},"inLanguage":"en-GB","potentialAction":[{"@type":"ReadAction","target":["https:\/\/zuuz.com.br\/dicas-para-implementar-estacao-de-recarga-eletrica-no-seu-condominio\/"]}]},{"@type":"ImageObject","inLanguage":"en-GB","@id":"https:\/\/zuuz.com.br\/dicas-para-implementar-estacao-de-recarga-eletrica-no-seu-condominio\/#primaryimage","url":"https:\/\/zuuz.com.br\/wp-content\/uploads\/2023\/02\/Zuuz-28-10-2021-imagem-6-1024x542.jpg","contentUrl":"https:\/\/zuuz.com.br\/wp-content\/uploads\/2023\/02\/Zuuz-28-10-2021-imagem-6-1024x542.jpg"},{"@type":"BreadcrumbList","@id":"https:\/\/zuuz.com.br\/dicas-para-implementar-estacao-de-recarga-eletrica-no-seu-condominio\/#breadcrumb","itemListElement":[{"@type":"ListItem","position":1,"name":"In\u00edcio","item":"https:\/\/zuuz.com.br\/"},{"@type":"ListItem","position":2,"name":"Dicas para implementar esta\u00e7\u00e3o de recarga el\u00e9trica no seu condom\u00ednio"}]},{"@type":"WebSite","@id":"https:\/\/zuuz.com.br\/#website","url":"https:\/\/zuuz.com.br\/","name":"ZuuZ - Mobilidade El\u00e9trica","description":"Recarga para Ve\u00edculos El\u00e9tricos em Condom\u00ednios Residenciais e Comerciais","publisher":{"@id":"https:\/\/zuuz.com.br\/#organization"},"potentialAction":[{"@type":"SearchAction","target":{"@type":"EntryPoint","urlTemplate":"https:\/\/zuuz.com.br\/?s={search_term_string}"},"query-input":{"@type":"PropertyValueSpecification","valueRequired":true,"valueName":"search_term_string"}}],"inLanguage":"en-GB"},{"@type":"Organization","@id":"https:\/\/zuuz.com.br\/#organization","name":"ZuuZ Mobilidade El\u00e9trica","url":"https:\/\/zuuz.com.br\/","logo":{"@type":"ImageObject","inLanguage":"en-GB","@id":"https:\/\/zuuz.com.br\/#\/schema\/logo\/image\/","url":"https:\/\/zuuz.com.br\/wp-content\/uploads\/2023\/02\/Logo-compacto.jpg","contentUrl":"https:\/\/zuuz.com.br\/wp-content\/uploads\/2023\/02\/Logo-compacto.jpg","width":349,"height":110,"caption":"ZuuZ Mobilidade El\u00e9trica"},"image":{"@id":"https:\/\/zuuz.com.br\/#\/schema\/logo\/image\/"},"sameAs":["https:\/\/www.facebook.com\/profile.php?id=100089280586493","https:\/\/www.linkedin.com\/company\/zuuz\/","http:\/\/www.instagram.com\/zuuz_mobilidade_eletrica\/"]},{"@type":"Person","@id":"https:\/\/zuuz.com.br\/#\/schema\/person\/1a2f12fed119550e7265234ededb92d1","name":"Rodrigo Monteiro","image":{"@type":"ImageObject","inLanguage":"en-GB","@id":"https:\/\/zuuz.com.br\/wp-content\/litespeed\/avatar\/d2e598a3985ee24b426f31c8ce397fb4.jpg?ver=1776920062","url":"https:\/\/zuuz.com.br\/wp-content\/litespeed\/avatar\/d2e598a3985ee24b426f31c8ce397fb4.jpg?ver=1776920062","contentUrl":"https:\/\/zuuz.com.br\/wp-content\/litespeed\/avatar\/d2e598a3985ee24b426f31c8ce397fb4.jpg?ver=1776920062","caption":"Rodrigo Monteiro"},"url":"https:\/\/zuuz.com.br\/en\/author\/marketing\/"}]}},"_links":{"self":[{"href":"https:\/\/zuuz.com.br\/en\/wp-json\/wp\/v2\/posts\/787","targetHints":{"allow":["GET"]}}],"collection":[{"href":"https:\/\/zuuz.com.br\/en\/wp-json\/wp\/v2\/posts"}],"about":[{"href":"https:\/\/zuuz.com.br\/en\/wp-json\/wp\/v2\/types\/post"}],"author":[{"embeddable":true,"href":"https:\/\/zuuz.com.br\/en\/wp-json\/wp\/v2\/users\/18"}],"replies":[{"embeddable":true,"href":"https:\/\/zuuz.com.br\/en\/wp-json\/wp\/v2\/comments?post=787"}],"version-history":[{"count":17,"href":"https:\/\/zuuz.com.br\/en\/wp-json\/wp\/v2\/posts\/787\/revisions"}],"predecessor-version":[{"id":809,"href":"https:\/\/zuuz.com.br\/en\/wp-json\/wp\/v2\/posts\/787\/revisions\/809"}],"wp:attachment":[{"href":"https:\/\/zuuz.com.br\/en\/wp-json\/wp\/v2\/media?parent=787"}],"wp:term":[{"taxonomy":"category","embeddable":true,"href":"https:\/\/zuuz.com.br\/en\/wp-json\/wp\/v2\/categories?post=787"},{"taxonomy":"post_tag","embeddable":true,"href":"https:\/\/zuuz.com.br\/en\/wp-json\/wp\/v2\/tags?post=787"}],"curies":[{"name":"wp","href":"https:\/\/api.w.org\/{rel}","templated":true}]}}