{"id":833,"date":"2023-03-08T09:06:50","date_gmt":"2023-03-08T12:06:50","guid":{"rendered":"https:\/\/zuuz.com.br\/?p=833"},"modified":"2023-03-08T09:10:41","modified_gmt":"2023-03-08T12:10:41","slug":"participacao-da-zuuz-no-evento-papo-condominial-ao-vivo","status":"publish","type":"post","link":"https:\/\/zuuz.com.br\/en\/participacao-da-zuuz-no-evento-papo-condominial-ao-vivo\/","title":{"rendered":"Participa\u00e7\u00e3o da ZuuZ no evento Papo Condominial Ao vivo"},"content":{"rendered":"<div data-elementor-type=\"wp-post\" data-elementor-id=\"833\" class=\"elementor elementor-833\" data-elementor-post-type=\"post\">\n\t\t\t\t\t\t<section class=\"elementor-section elementor-top-section elementor-element elementor-element-1dd67173 elementor-section-boxed elementor-section-height-default elementor-section-height-default\" data-id=\"1dd67173\" data-element_type=\"section\" data-e-type=\"section\">\n\t\t\t\t\t\t<div class=\"elementor-container elementor-column-gap-default\">\n\t\t\t\t\t<div class=\"elementor-column elementor-col-100 elementor-top-column elementor-element elementor-element-df0bcb7\" data-id=\"df0bcb7\" data-element_type=\"column\" data-e-type=\"column\">\n\t\t\t<div class=\"elementor-widget-wrap elementor-element-populated\">\n\t\t\t\t\t\t<div class=\"elementor-element elementor-element-10fdf0c elementor-widget elementor-widget-image\" data-id=\"10fdf0c\" data-element_type=\"widget\" data-e-type=\"widget\" data-widget_type=\"image.default\">\n\t\t\t\t\t\t\t\t\t\t\t\t\t\t\t<img fetchpriority=\"high\" decoding=\"async\" width=\"1024\" height=\"576\" src=\"https:\/\/zuuz.com.br\/wp-content\/uploads\/2023\/03\/ZuuZ-Papo-Condominial-1024x576.jpg\" class=\"attachment-large size-large wp-image-825\" alt=\"ZuuZ Papo Condominial\" srcset=\"https:\/\/zuuz.com.br\/wp-content\/uploads\/2023\/03\/ZuuZ-Papo-Condominial-1024x576.jpg 1024w, https:\/\/zuuz.com.br\/wp-content\/uploads\/2023\/03\/ZuuZ-Papo-Condominial-300x169.jpg 300w, https:\/\/zuuz.com.br\/wp-content\/uploads\/2023\/03\/ZuuZ-Papo-Condominial-768x432.jpg 768w, https:\/\/zuuz.com.br\/wp-content\/uploads\/2023\/03\/ZuuZ-Papo-Condominial-1536x864.jpg 1536w, https:\/\/zuuz.com.br\/wp-content\/uploads\/2023\/03\/ZuuZ-Papo-Condominial-18x10.jpg 18w, https:\/\/zuuz.com.br\/wp-content\/uploads\/2023\/03\/ZuuZ-Papo-Condominial.jpg 1599w\" sizes=\"(max-width: 1024px) 100vw, 1024px\" \/>\t\t\t\t\t\t\t\t\t\t\t\t\t\t\t<\/div>\n\t\t\t\t<div class=\"elementor-element elementor-element-76a1ed1 elementor-widget elementor-widget-heading\" data-id=\"76a1ed1\" data-element_type=\"widget\" data-e-type=\"widget\" data-widget_type=\"heading.default\">\n\t\t\t\t\t<h2 class=\"elementor-heading-title elementor-size-default\">Zuuz Mobilidade no Papo Condominial<\/h2>\t\t\t\t<\/div>\n\t\t\t\t<div class=\"elementor-element elementor-element-30dc4451 elementor-widget elementor-widget-text-editor\" data-id=\"30dc4451\" data-element_type=\"widget\" data-e-type=\"widget\" data-widget_type=\"text-editor.default\">\n\t\t\t\t\t\t\t\t\t<p>Com muito orgulho compartilho um pouco sobre a participa\u00e7\u00e3o minha e da ZuuZ no evento Papo Condominial ao vivo &#8211; 4 de mar\u00e7o de 2023.<\/p><p>&#8230;<\/p><p>Gostaria de agradecer ao Daniel Lima o convite e a honra de poder participar no painel, neste \u00faltimo s\u00e1bado, do evento <a href=\"https:\/\/www.youtube.com\/watch?v=muA-afzccZQ&amp;t=7509s\">Papo Condominial \u2013 Ao vivo.<\/a>\u00a0<\/p><p>\u00a0<\/p><p>Este que \u00e9 um dos maiores encontros do Brasil no segmento, reunindo s\u00edndicos e gestores condominiais, abordando os principais temas ligados a mobilidade el\u00e9trica.\u00a0 Atendendo esta nova demanda de esta\u00e7\u00f5es de recarga para ve\u00edculos el\u00e9tricos em condom\u00ednios.<\/p><p>\u00a0<\/p><p>Gostaria de agradecer tamb\u00e9m aos colegas e grandes especialistas que participaram neste painel apresentando outras solu\u00e7\u00f5es de sucesso. Entre eles,\u00a0\u00a0<a href=\"https:\/\/www.linkedin.com\/in\/zeferino-f-velloso-neto-86944925\/\">Zeferino Velloso<\/a> (VIP &#8211; Vistorias Inspe\u00e7\u00f5es Prediais Engenharia), <a href=\"https:\/\/www.linkedin.com\/in\/marcos-gouveia-0509aa104\/\">Marcos Gouveia<\/a> (Odara Auditoria) e <a href=\"https:\/\/www.linkedin.com\/in\/rodrigo-della-rocca\/\">Rodrigo Della Rocca<\/a>(CondoConta).<\/p><p>\u00a0<\/p><p>Neste evento tive a oportunidade de responder como a ZuuZ Mobilidade El\u00e9trica atende a estas demandas fundamentais oferecendo a seus clientes uma solu\u00e7\u00e3o completa de carregamento e um processo de implementa\u00e7\u00e3o e gest\u00e3o pr\u00e1tico, f\u00e1cil e seguro para o edif\u00edcio, gestores, moradores e usu\u00e1rios.<\/p><p>\u00a0<\/p><p>Acompanhando as diversas palestras durante o evento, percebo cada vez mais a import\u00e2ncia deste segmento e o desafio que os s\u00edndicos e gestores de condom\u00ednios enfrentam no seu dia a dia. O universo de atua\u00e7\u00e3o \u00e9 muito amplo, com atua\u00e7\u00f5es em \u00e1reas como jur\u00eddica, estrutural, financeira, servi\u00e7os, entre outras.<\/p><p>\u00a0<\/p><p>\u00c9 sempre um privil\u00e9gio poder aprender com esse p\u00fablico, que tem uma import\u00e2ncia t\u00e3o grande no bem-estar da nossa sociedade. E a ZuuZ segue na sua miss\u00e3o de acompanhar o segmento condominial nesta <a href=\"https:\/\/zuuz.com.br\/en\/carregamento-eletrico-condominios\/\">transi\u00e7\u00e3o para a mobilidade el\u00e9trica.<\/a><\/p><p>\u00a0<\/p><p>Obrigado e at\u00e9 o pr\u00f3ximo evento<\/p><p>\u00a0<\/p><p><strong>Vinicio Carrara<\/strong><\/p><p><strong>Diretor de Neg\u00f3cios Estrat\u00e9gicos da ZuuZ Mobilidade El\u00e9trica<\/strong><\/p>\t\t\t\t\t\t\t\t<\/div>\n\t\t\t\t\t<\/div>\n\t\t<\/div>\n\t\t\t\t\t<\/div>\n\t\t<\/section>\n\t\t\t\t<\/div>","protected":false},"excerpt":{"rendered":"<p>Zuuz Mobilidade no Papo Condominial Com muito orgulho compartilho um pouco sobre a participa\u00e7\u00e3o minha e da ZuuZ no evento Papo Condominial ao vivo &#8211; 4 de mar\u00e7o de 2023. &#8230; Gostaria de agradecer ao Daniel Lima o convite e a honra de poder participar no painel, neste \u00faltimo s\u00e1bado, &#8230; <a title=\"Participa\u00e7\u00e3o da ZuuZ no evento Papo Condominial Ao vivo\" class=\"read-more\" href=\"https:\/\/zuuz.com.br\/en\/participacao-da-zuuz-no-evento-papo-condominial-ao-vivo\/\" aria-label=\"Read more about Participa\u00e7\u00e3o da ZuuZ no evento Papo Condominial Ao vivo\">Read more<\/a><\/p>","protected":false},"author":19,"featured_media":0,"comment_status":"open","ping_status":"open","sticky":false,"template":"","format":"standard","meta":{"_monsterinsights_skip_tracking":false,"_monsterinsights_sitenote_active":false,"_monsterinsights_sitenote_note":"","_monsterinsights_sitenote_category":0,"footnotes":""},"categories":[48],"tags":[51,24,52,41,42,49,50],"class_list":["post-833","post","type-post","status-publish","format-standard","hentry","category-eventos","tag-carga-carro-eletrico","tag-carro-eletrico","tag-estacao-de-recarga-de-carro-eletrico","tag-recarga-carro-eletrico","tag-recarga-veiculo-eletrico","tag-vinicio-carrara","tag-zuuz"],"yoast_head":"<!-- This site is optimized with the Yoast SEO plugin v27.4 - https:\/\/yoast.com\/product\/yoast-seo-wordpress\/ -->\n<title>Participa\u00e7\u00e3o da ZuuZ no evento Papo Condominial Ao vivo -<\/title>\n<meta name=\"description\" content=\"A ZuuZ Mobilidade El\u00e9trica, junto a seu diretor Vinicio Carrara, participaram do evento Papo Condominial Ao Vivo, no in\u00edcio de mar\u00e7o de 2023\" \/>\n<meta name=\"robots\" content=\"index, follow, max-snippet:-1, max-image-preview:large, max-video-preview:-1\" \/>\n<link rel=\"canonical\" href=\"https:\/\/zuuz.com.br\/en\/participacao-da-zuuz-no-evento-papo-condominial-ao-vivo\/\" \/>\n<meta property=\"og:locale\" content=\"en_GB\" \/>\n<meta property=\"og:type\" content=\"article\" \/>\n<meta property=\"og:title\" content=\"Participa\u00e7\u00e3o da ZuuZ no evento Papo Condominial Ao vivo -\" \/>\n<meta property=\"og:description\" content=\"A ZuuZ Mobilidade El\u00e9trica, junto a seu diretor Vinicio Carrara, participaram do evento Papo Condominial Ao Vivo, no in\u00edcio de mar\u00e7o de 2023\" \/>\n<meta property=\"og:url\" content=\"https:\/\/zuuz.com.br\/en\/participacao-da-zuuz-no-evento-papo-condominial-ao-vivo\/\" \/>\n<meta property=\"og:site_name\" content=\"ZuuZ - Mobilidade El\u00e9trica\" \/>\n<meta property=\"article:publisher\" content=\"https:\/\/www.facebook.com\/profile.php?id=100089280586493\" \/>\n<meta property=\"article:published_time\" content=\"2023-03-08T12:06:50+00:00\" \/>\n<meta property=\"article:modified_time\" content=\"2023-03-08T12:10:41+00:00\" \/>\n<meta property=\"og:image\" content=\"https:\/\/zuuz.com.br\/wp-content\/uploads\/2023\/03\/ZuuZ-Papo-Condominial-1024x576.jpg\" \/>\n<meta name=\"author\" content=\"Vinicio Carrara\" \/>\n<meta name=\"twitter:card\" content=\"summary_large_image\" \/>\n<meta name=\"twitter:label1\" content=\"Written by\" \/>\n\t<meta name=\"twitter:data1\" content=\"Vinicio Carrara\" \/>\n\t<meta name=\"twitter:label2\" content=\"Estimated reading time\" \/>\n\t<meta name=\"twitter:data2\" content=\"2 minutes\" \/>\n<script type=\"application\/ld+json\" class=\"yoast-schema-graph\">{\"@context\":\"https:\\\/\\\/schema.org\",\"@graph\":[{\"@type\":\"Article\",\"@id\":\"https:\\\/\\\/zuuz.com.br\\\/participacao-da-zuuz-no-evento-papo-condominial-ao-vivo\\\/#article\",\"isPartOf\":{\"@id\":\"https:\\\/\\\/zuuz.com.br\\\/participacao-da-zuuz-no-evento-papo-condominial-ao-vivo\\\/\"},\"author\":{\"name\":\"Vinicio Carrara\",\"@id\":\"https:\\\/\\\/zuuz.com.br\\\/#\\\/schema\\\/person\\\/3c73e36503d9cc72e3ed2b6a21ae4a02\"},\"headline\":\"Participa\u00e7\u00e3o da ZuuZ no evento Papo Condominial Ao vivo\",\"datePublished\":\"2023-03-08T12:06:50+00:00\",\"dateModified\":\"2023-03-08T12:10:41+00:00\",\"mainEntityOfPage\":{\"@id\":\"https:\\\/\\\/zuuz.com.br\\\/participacao-da-zuuz-no-evento-papo-condominial-ao-vivo\\\/\"},\"wordCount\":319,\"commentCount\":0,\"publisher\":{\"@id\":\"https:\\\/\\\/zuuz.com.br\\\/#organization\"},\"image\":{\"@id\":\"https:\\\/\\\/zuuz.com.br\\\/participacao-da-zuuz-no-evento-papo-condominial-ao-vivo\\\/#primaryimage\"},\"thumbnailUrl\":\"https:\\\/\\\/zuuz.com.br\\\/wp-content\\\/uploads\\\/2023\\\/03\\\/ZuuZ-Papo-Condominial-1024x576.jpg\",\"keywords\":[\"carga carro el\u00e9trico\",\"carro el\u00e9trico\",\"esta\u00e7\u00e3o de recarga de carro el\u00e9trico\",\"recarga carro el\u00e9trico\",\"recarga ve\u00edculo el\u00e9trico\",\"vinicio carrara\",\"zuuz\"],\"articleSection\":[\"Eventos\"],\"inLanguage\":\"en-GB\",\"potentialAction\":[{\"@type\":\"CommentAction\",\"name\":\"Comment\",\"target\":[\"https:\\\/\\\/zuuz.com.br\\\/participacao-da-zuuz-no-evento-papo-condominial-ao-vivo\\\/#respond\"]}]},{\"@type\":\"WebPage\",\"@id\":\"https:\\\/\\\/zuuz.com.br\\\/participacao-da-zuuz-no-evento-papo-condominial-ao-vivo\\\/\",\"url\":\"https:\\\/\\\/zuuz.com.br\\\/participacao-da-zuuz-no-evento-papo-condominial-ao-vivo\\\/\",\"name\":\"Participa\u00e7\u00e3o da ZuuZ no evento Papo Condominial Ao vivo -\",\"isPartOf\":{\"@id\":\"https:\\\/\\\/zuuz.com.br\\\/#website\"},\"primaryImageOfPage\":{\"@id\":\"https:\\\/\\\/zuuz.com.br\\\/participacao-da-zuuz-no-evento-papo-condominial-ao-vivo\\\/#primaryimage\"},\"image\":{\"@id\":\"https:\\\/\\\/zuuz.com.br\\\/participacao-da-zuuz-no-evento-papo-condominial-ao-vivo\\\/#primaryimage\"},\"thumbnailUrl\":\"https:\\\/\\\/zuuz.com.br\\\/wp-content\\\/uploads\\\/2023\\\/03\\\/ZuuZ-Papo-Condominial-1024x576.jpg\",\"datePublished\":\"2023-03-08T12:06:50+00:00\",\"dateModified\":\"2023-03-08T12:10:41+00:00\",\"description\":\"A ZuuZ Mobilidade El\u00e9trica, junto a seu diretor Vinicio Carrara, participaram do evento Papo Condominial Ao Vivo, no in\u00edcio de mar\u00e7o de 2023\",\"breadcrumb\":{\"@id\":\"https:\\\/\\\/zuuz.com.br\\\/participacao-da-zuuz-no-evento-papo-condominial-ao-vivo\\\/#breadcrumb\"},\"inLanguage\":\"en-GB\",\"potentialAction\":[{\"@type\":\"ReadAction\",\"target\":[\"https:\\\/\\\/zuuz.com.br\\\/participacao-da-zuuz-no-evento-papo-condominial-ao-vivo\\\/\"]}]},{\"@type\":\"ImageObject\",\"inLanguage\":\"en-GB\",\"@id\":\"https:\\\/\\\/zuuz.com.br\\\/participacao-da-zuuz-no-evento-papo-condominial-ao-vivo\\\/#primaryimage\",\"url\":\"https:\\\/\\\/zuuz.com.br\\\/wp-content\\\/uploads\\\/2023\\\/03\\\/ZuuZ-Papo-Condominial-1024x576.jpg\",\"contentUrl\":\"https:\\\/\\\/zuuz.com.br\\\/wp-content\\\/uploads\\\/2023\\\/03\\\/ZuuZ-Papo-Condominial-1024x576.jpg\"},{\"@type\":\"BreadcrumbList\",\"@id\":\"https:\\\/\\\/zuuz.com.br\\\/participacao-da-zuuz-no-evento-papo-condominial-ao-vivo\\\/#breadcrumb\",\"itemListElement\":[{\"@type\":\"ListItem\",\"position\":1,\"name\":\"In\u00edcio\",\"item\":\"https:\\\/\\\/zuuz.com.br\\\/\"},{\"@type\":\"ListItem\",\"position\":2,\"name\":\"Participa\u00e7\u00e3o da ZuuZ no evento Papo Condominial Ao vivo\"}]},{\"@type\":\"WebSite\",\"@id\":\"https:\\\/\\\/zuuz.com.br\\\/#website\",\"url\":\"https:\\\/\\\/zuuz.com.br\\\/\",\"name\":\"ZuuZ - Mobilidade El\u00e9trica\",\"description\":\"Recarga para Ve\u00edculos El\u00e9tricos em Condom\u00ednios Residenciais e Comerciais\",\"publisher\":{\"@id\":\"https:\\\/\\\/zuuz.com.br\\\/#organization\"},\"potentialAction\":[{\"@type\":\"SearchAction\",\"target\":{\"@type\":\"EntryPoint\",\"urlTemplate\":\"https:\\\/\\\/zuuz.com.br\\\/?s={search_term_string}\"},\"query-input\":{\"@type\":\"PropertyValueSpecification\",\"valueRequired\":true,\"valueName\":\"search_term_string\"}}],\"inLanguage\":\"en-GB\"},{\"@type\":\"Organization\",\"@id\":\"https:\\\/\\\/zuuz.com.br\\\/#organization\",\"name\":\"ZuuZ Mobilidade El\u00e9trica\",\"url\":\"https:\\\/\\\/zuuz.com.br\\\/\",\"logo\":{\"@type\":\"ImageObject\",\"inLanguage\":\"en-GB\",\"@id\":\"https:\\\/\\\/zuuz.com.br\\\/#\\\/schema\\\/logo\\\/image\\\/\",\"url\":\"https:\\\/\\\/zuuz.com.br\\\/wp-content\\\/uploads\\\/2023\\\/02\\\/Logo-compacto.jpg\",\"contentUrl\":\"https:\\\/\\\/zuuz.com.br\\\/wp-content\\\/uploads\\\/2023\\\/02\\\/Logo-compacto.jpg\",\"width\":349,\"height\":110,\"caption\":\"ZuuZ Mobilidade El\u00e9trica\"},\"image\":{\"@id\":\"https:\\\/\\\/zuuz.com.br\\\/#\\\/schema\\\/logo\\\/image\\\/\"},\"sameAs\":[\"https:\\\/\\\/www.facebook.com\\\/profile.php?id=100089280586493\",\"https:\\\/\\\/www.linkedin.com\\\/company\\\/zuuz\\\/\",\"http:\\\/\\\/www.instagram.com\\\/zuuz_mobilidade_eletrica\\\/\"]},{\"@type\":\"Person\",\"@id\":\"https:\\\/\\\/zuuz.com.br\\\/#\\\/schema\\\/person\\\/3c73e36503d9cc72e3ed2b6a21ae4a02\",\"name\":\"Vinicio Carrara\",\"image\":{\"@type\":\"ImageObject\",\"inLanguage\":\"en-GB\",\"@id\":\"https:\\\/\\\/zuuz.com.br\\\/wp-content\\\/litespeed\\\/avatar\\\/01dc5d7e4002ea0796957ad2d5a5f59e.jpg?ver=1777122560\",\"url\":\"https:\\\/\\\/zuuz.com.br\\\/wp-content\\\/litespeed\\\/avatar\\\/01dc5d7e4002ea0796957ad2d5a5f59e.jpg?ver=1777122560\",\"contentUrl\":\"https:\\\/\\\/zuuz.com.br\\\/wp-content\\\/litespeed\\\/avatar\\\/01dc5d7e4002ea0796957ad2d5a5f59e.jpg?ver=1777122560\",\"caption\":\"Vinicio Carrara\"},\"url\":\"https:\\\/\\\/zuuz.com.br\\\/en\\\/author\\\/vinicio-carrara\\\/\"}]}<\/script>\n<!-- \/ Yoast SEO plugin. -->","yoast_head_json":{"title":"Participa\u00e7\u00e3o da ZuuZ no evento Papo Condominial Ao vivo -","description":"A ZuuZ Mobilidade El\u00e9trica, junto a seu diretor Vinicio Carrara, participaram do evento Papo Condominial Ao Vivo, no in\u00edcio de mar\u00e7o de 2023","robots":{"index":"index","follow":"follow","max-snippet":"max-snippet:-1","max-image-preview":"max-image-preview:large","max-video-preview":"max-video-preview:-1"},"canonical":"https:\/\/zuuz.com.br\/en\/participacao-da-zuuz-no-evento-papo-condominial-ao-vivo\/","og_locale":"en_GB","og_type":"article","og_title":"Participa\u00e7\u00e3o da ZuuZ no evento Papo Condominial Ao vivo -","og_description":"A ZuuZ Mobilidade El\u00e9trica, junto a seu diretor Vinicio Carrara, participaram do evento Papo Condominial Ao Vivo, no in\u00edcio de mar\u00e7o de 2023","og_url":"https:\/\/zuuz.com.br\/en\/participacao-da-zuuz-no-evento-papo-condominial-ao-vivo\/","og_site_name":"ZuuZ - Mobilidade El\u00e9trica","article_publisher":"https:\/\/www.facebook.com\/profile.php?id=100089280586493","article_published_time":"2023-03-08T12:06:50+00:00","article_modified_time":"2023-03-08T12:10:41+00:00","og_image":[{"url":"https:\/\/zuuz.com.br\/wp-content\/uploads\/2023\/03\/ZuuZ-Papo-Condominial-1024x576.jpg","type":"","width":"","height":""}],"author":"Vinicio Carrara","twitter_card":"summary_large_image","twitter_misc":{"Written by":"Vinicio Carrara","Estimated reading time":"2 minutes"},"schema":{"@context":"https:\/\/schema.org","@graph":[{"@type":"Article","@id":"https:\/\/zuuz.com.br\/participacao-da-zuuz-no-evento-papo-condominial-ao-vivo\/#article","isPartOf":{"@id":"https:\/\/zuuz.com.br\/participacao-da-zuuz-no-evento-papo-condominial-ao-vivo\/"},"author":{"name":"Vinicio Carrara","@id":"https:\/\/zuuz.com.br\/#\/schema\/person\/3c73e36503d9cc72e3ed2b6a21ae4a02"},"headline":"Participa\u00e7\u00e3o da ZuuZ no evento Papo Condominial Ao vivo","datePublished":"2023-03-08T12:06:50+00:00","dateModified":"2023-03-08T12:10:41+00:00","mainEntityOfPage":{"@id":"https:\/\/zuuz.com.br\/participacao-da-zuuz-no-evento-papo-condominial-ao-vivo\/"},"wordCount":319,"commentCount":0,"publisher":{"@id":"https:\/\/zuuz.com.br\/#organization"},"image":{"@id":"https:\/\/zuuz.com.br\/participacao-da-zuuz-no-evento-papo-condominial-ao-vivo\/#primaryimage"},"thumbnailUrl":"https:\/\/zuuz.com.br\/wp-content\/uploads\/2023\/03\/ZuuZ-Papo-Condominial-1024x576.jpg","keywords":["carga carro el\u00e9trico","carro el\u00e9trico","esta\u00e7\u00e3o de recarga de carro el\u00e9trico","recarga carro el\u00e9trico","recarga ve\u00edculo el\u00e9trico","vinicio carrara","zuuz"],"articleSection":["Eventos"],"inLanguage":"en-GB","potentialAction":[{"@type":"CommentAction","name":"Comment","target":["https:\/\/zuuz.com.br\/participacao-da-zuuz-no-evento-papo-condominial-ao-vivo\/#respond"]}]},{"@type":"WebPage","@id":"https:\/\/zuuz.com.br\/participacao-da-zuuz-no-evento-papo-condominial-ao-vivo\/","url":"https:\/\/zuuz.com.br\/participacao-da-zuuz-no-evento-papo-condominial-ao-vivo\/","name":"Participa\u00e7\u00e3o da ZuuZ no evento Papo Condominial Ao vivo -","isPartOf":{"@id":"https:\/\/zuuz.com.br\/#website"},"primaryImageOfPage":{"@id":"https:\/\/zuuz.com.br\/participacao-da-zuuz-no-evento-papo-condominial-ao-vivo\/#primaryimage"},"image":{"@id":"https:\/\/zuuz.com.br\/participacao-da-zuuz-no-evento-papo-condominial-ao-vivo\/#primaryimage"},"thumbnailUrl":"https:\/\/zuuz.com.br\/wp-content\/uploads\/2023\/03\/ZuuZ-Papo-Condominial-1024x576.jpg","datePublished":"2023-03-08T12:06:50+00:00","dateModified":"2023-03-08T12:10:41+00:00","description":"A ZuuZ Mobilidade El\u00e9trica, junto a seu diretor Vinicio Carrara, participaram do evento Papo Condominial Ao Vivo, no in\u00edcio de mar\u00e7o de 2023","breadcrumb":{"@id":"https:\/\/zuuz.com.br\/participacao-da-zuuz-no-evento-papo-condominial-ao-vivo\/#breadcrumb"},"inLanguage":"en-GB","potentialAction":[{"@type":"ReadAction","target":["https:\/\/zuuz.com.br\/participacao-da-zuuz-no-evento-papo-condominial-ao-vivo\/"]}]},{"@type":"ImageObject","inLanguage":"en-GB","@id":"https:\/\/zuuz.com.br\/participacao-da-zuuz-no-evento-papo-condominial-ao-vivo\/#primaryimage","url":"https:\/\/zuuz.com.br\/wp-content\/uploads\/2023\/03\/ZuuZ-Papo-Condominial-1024x576.jpg","contentUrl":"https:\/\/zuuz.com.br\/wp-content\/uploads\/2023\/03\/ZuuZ-Papo-Condominial-1024x576.jpg"},{"@type":"BreadcrumbList","@id":"https:\/\/zuuz.com.br\/participacao-da-zuuz-no-evento-papo-condominial-ao-vivo\/#breadcrumb","itemListElement":[{"@type":"ListItem","position":1,"name":"In\u00edcio","item":"https:\/\/zuuz.com.br\/"},{"@type":"ListItem","position":2,"name":"Participa\u00e7\u00e3o da ZuuZ no evento Papo Condominial Ao vivo"}]},{"@type":"WebSite","@id":"https:\/\/zuuz.com.br\/#website","url":"https:\/\/zuuz.com.br\/","name":"ZuuZ - Mobilidade El\u00e9trica","description":"Recarga para Ve\u00edculos El\u00e9tricos em Condom\u00ednios Residenciais e Comerciais","publisher":{"@id":"https:\/\/zuuz.com.br\/#organization"},"potentialAction":[{"@type":"SearchAction","target":{"@type":"EntryPoint","urlTemplate":"https:\/\/zuuz.com.br\/?s={search_term_string}"},"query-input":{"@type":"PropertyValueSpecification","valueRequired":true,"valueName":"search_term_string"}}],"inLanguage":"en-GB"},{"@type":"Organization","@id":"https:\/\/zuuz.com.br\/#organization","name":"ZuuZ Mobilidade El\u00e9trica","url":"https:\/\/zuuz.com.br\/","logo":{"@type":"ImageObject","inLanguage":"en-GB","@id":"https:\/\/zuuz.com.br\/#\/schema\/logo\/image\/","url":"https:\/\/zuuz.com.br\/wp-content\/uploads\/2023\/02\/Logo-compacto.jpg","contentUrl":"https:\/\/zuuz.com.br\/wp-content\/uploads\/2023\/02\/Logo-compacto.jpg","width":349,"height":110,"caption":"ZuuZ Mobilidade El\u00e9trica"},"image":{"@id":"https:\/\/zuuz.com.br\/#\/schema\/logo\/image\/"},"sameAs":["https:\/\/www.facebook.com\/profile.php?id=100089280586493","https:\/\/www.linkedin.com\/company\/zuuz\/","http:\/\/www.instagram.com\/zuuz_mobilidade_eletrica\/"]},{"@type":"Person","@id":"https:\/\/zuuz.com.br\/#\/schema\/person\/3c73e36503d9cc72e3ed2b6a21ae4a02","name":"Vinicio Carrara","image":{"@type":"ImageObject","inLanguage":"en-GB","@id":"https:\/\/zuuz.com.br\/wp-content\/litespeed\/avatar\/01dc5d7e4002ea0796957ad2d5a5f59e.jpg?ver=1777122560","url":"https:\/\/zuuz.com.br\/wp-content\/litespeed\/avatar\/01dc5d7e4002ea0796957ad2d5a5f59e.jpg?ver=1777122560","contentUrl":"https:\/\/zuuz.com.br\/wp-content\/litespeed\/avatar\/01dc5d7e4002ea0796957ad2d5a5f59e.jpg?ver=1777122560","caption":"Vinicio Carrara"},"url":"https:\/\/zuuz.com.br\/en\/author\/vinicio-carrara\/"}]}},"_links":{"self":[{"href":"https:\/\/zuuz.com.br\/en\/wp-json\/wp\/v2\/posts\/833","targetHints":{"allow":["GET"]}}],"collection":[{"href":"https:\/\/zuuz.com.br\/en\/wp-json\/wp\/v2\/posts"}],"about":[{"href":"https:\/\/zuuz.com.br\/en\/wp-json\/wp\/v2\/types\/post"}],"author":[{"embeddable":true,"href":"https:\/\/zuuz.com.br\/en\/wp-json\/wp\/v2\/users\/19"}],"replies":[{"embeddable":true,"href":"https:\/\/zuuz.com.br\/en\/wp-json\/wp\/v2\/comments?post=833"}],"version-history":[{"count":3,"href":"https:\/\/zuuz.com.br\/en\/wp-json\/wp\/v2\/posts\/833\/revisions"}],"predecessor-version":[{"id":836,"href":"https:\/\/zuuz.com.br\/en\/wp-json\/wp\/v2\/posts\/833\/revisions\/836"}],"wp:attachment":[{"href":"https:\/\/zuuz.com.br\/en\/wp-json\/wp\/v2\/media?parent=833"}],"wp:term":[{"taxonomy":"category","embeddable":true,"href":"https:\/\/zuuz.com.br\/en\/wp-json\/wp\/v2\/categories?post=833"},{"taxonomy":"post_tag","embeddable":true,"href":"https:\/\/zuuz.com.br\/en\/wp-json\/wp\/v2\/tags?post=833"}],"curies":[{"name":"wp","href":"https:\/\/api.w.org\/{rel}","templated":true}]}}