{"id":843,"date":"2023-03-14T12:08:48","date_gmt":"2023-03-14T15:08:48","guid":{"rendered":"https:\/\/zuuz.com.br\/?p=843"},"modified":"2023-03-14T16:24:10","modified_gmt":"2023-03-14T19:24:10","slug":"gestao-de-recarga-de-veiculos-eletricos","status":"publish","type":"post","link":"https:\/\/zuuz.com.br\/en\/gestao-de-recarga-de-veiculos-eletricos\/","title":{"rendered":"Gest\u00e3o de recarga de ve\u00edculos el\u00e9tricos &#8211; APAMEC"},"content":{"rendered":"<div data-elementor-type=\"wp-post\" data-elementor-id=\"843\" class=\"elementor elementor-843\" data-elementor-post-type=\"post\">\n\t\t\t\t\t\t<section class=\"elementor-section elementor-top-section elementor-element elementor-element-6b8ff7c5 elementor-section-boxed elementor-section-height-default elementor-section-height-default\" data-id=\"6b8ff7c5\" data-element_type=\"section\" data-e-type=\"section\">\n\t\t\t\t\t\t<div class=\"elementor-container elementor-column-gap-default\">\n\t\t\t\t\t<div class=\"elementor-column elementor-col-100 elementor-top-column elementor-element elementor-element-1769f840\" data-id=\"1769f840\" data-element_type=\"column\" data-e-type=\"column\">\n\t\t\t<div class=\"elementor-widget-wrap elementor-element-populated\">\n\t\t\t\t\t\t<div class=\"elementor-element elementor-element-1f9e788 elementor-widget elementor-widget-image\" data-id=\"1f9e788\" data-element_type=\"widget\" data-e-type=\"widget\" data-widget_type=\"image.default\">\n\t\t\t\t\t\t\t\t\t\t\t\t\t\t\t<img fetchpriority=\"high\" decoding=\"async\" width=\"1024\" height=\"1024\" src=\"https:\/\/zuuz.com.br\/wp-content\/uploads\/2023\/03\/Copia-de-ZuuZ-Instagram-6-1024x1024.png\" class=\"attachment-large size-large wp-image-845\" alt=\"ZuuZ - Gest\u00e3o de Recarga Ve\u00edculo El\u00e9trico\" srcset=\"https:\/\/zuuz.com.br\/wp-content\/uploads\/2023\/03\/Copia-de-ZuuZ-Instagram-6-1024x1024.png 1024w, https:\/\/zuuz.com.br\/wp-content\/uploads\/2023\/03\/Copia-de-ZuuZ-Instagram-6-300x300.png 300w, https:\/\/zuuz.com.br\/wp-content\/uploads\/2023\/03\/Copia-de-ZuuZ-Instagram-6-150x150.png 150w, https:\/\/zuuz.com.br\/wp-content\/uploads\/2023\/03\/Copia-de-ZuuZ-Instagram-6-768x768.png 768w, https:\/\/zuuz.com.br\/wp-content\/uploads\/2023\/03\/Copia-de-ZuuZ-Instagram-6-12x12.png 12w, https:\/\/zuuz.com.br\/wp-content\/uploads\/2023\/03\/Copia-de-ZuuZ-Instagram-6.png 1080w\" sizes=\"(max-width: 1024px) 100vw, 1024px\" \/>\t\t\t\t\t\t\t\t\t\t\t\t\t\t\t<\/div>\n\t\t\t\t<div class=\"elementor-element elementor-element-679c72a9 elementor-widget elementor-widget-text-editor\" data-id=\"679c72a9\" data-element_type=\"widget\" data-e-type=\"widget\" data-widget_type=\"text-editor.default\">\n\t\t\t\t\t\t\t\t\t<p>O diretor da <a href=\"https:\/\/zuuz.com.br\/en\/\">ZuuZ Mobilidade El\u00e9trica<\/a>, Vinicio Carrara, participou na manh\u00e3 de hoje de um importante bate papo sobre carregamento de carros el\u00e9tricos no Jornal APAMEC. A <a href=\"https:\/\/apamec.org.br\/about-us\/\">APAMEC<\/a> realiza um importante trabalho de quase uma d\u00e9cada na promo\u00e7\u00e3o de diversos conte\u00fados e desenvolvimentos para mediadores e conciliadores.<\/p><p>\u00a0<\/p><p>Durante o bate papo, que voc\u00ea pode <a href=\"https:\/\/www.youtube.com\/watch?v=yI2_DMx8q4g\">conferir aqui<\/a>, Vin\u00edcio pode abordar diversos assuntos sobre os aspectos importantes relativos a seguran\u00e7a e planejamento de projeto de carregamento de ve\u00edculos el\u00e9tricos. S\u00e3o diversos aspectos que sempre s\u00e3o relevantes de abordar para diversos p\u00fablicos. Principalmente por se tratar de uma solu\u00e7\u00e3o que necessita um cuidado de seguran\u00e7a para que as esta\u00e7\u00f5es de recarga de carros el\u00e9tricos em condom\u00ednios tenham todo o cuidado necess\u00e1rio.<\/p><p>\u00a0<\/p><p>Vinicio aproveitou a oportunidade para relembrar como esse assunto de mobilidade el\u00e9trica. Tamb\u00e9m falou sobre a nova demanda de recarga para ve\u00edculos el\u00e9tricos. Este \u00e9 um assunto que vai ser discutido mais e mais a cada dia e os gestores de condom\u00ednios residenciais e comerciais. Por isso, s\u00edndicos e gestores precisam estar atentos para saber quais os melhores fornecedores e solu\u00e7\u00f5es devem ser implementadas.<\/p><p>\u00a0<\/p><p>Por fim, Vinicio Carrara teve a chance de responder algumas d\u00favidas interessantes que sempre surgem com esse tema. A carga de ve\u00edculos el\u00e9tricos, o sistema de esta\u00e7\u00e3o de recarga e o pr\u00f3prio carregador e carregamento de carros el\u00e9tricos \u00e9 sempre um assunto que gera muitas d\u00favidas! Por isso, se quiser saber um pouco mais de como planejar a instala\u00e7\u00e3o de carga para ve\u00edculos el\u00e9tricos no seu condom\u00ednio, n\u00e3o deixe de baixar n<a href=\"https:\/\/zuuz.rds.land\/guia-completo-de-estrutura-de-carregamento-para-ve-blog\">osso e-book<\/a><\/p>\t\t\t\t\t\t\t\t<\/div>\n\t\t\t\t\t<\/div>\n\t\t<\/div>\n\t\t\t\t\t<\/div>\n\t\t<\/section>\n\t\t\t\t<\/div>","protected":false},"excerpt":{"rendered":"<p>O diretor da ZuuZ Mobilidade El\u00e9trica, Vinicio Carrara, participou na manh\u00e3 de hoje de um importante bate papo sobre carregamento de carros el\u00e9tricos no Jornal APAMEC. A APAMEC realiza um importante trabalho de quase uma d\u00e9cada na promo\u00e7\u00e3o de diversos conte\u00fados e desenvolvimentos para mediadores e conciliadores. Durante o bate &#8230; <a title=\"Gest\u00e3o de recarga de ve\u00edculos el\u00e9tricos &#8211; APAMEC\" class=\"read-more\" href=\"https:\/\/zuuz.com.br\/en\/gestao-de-recarga-de-veiculos-eletricos\/\" aria-label=\"Read more about Gest\u00e3o de recarga de ve\u00edculos el\u00e9tricos &#8211; APAMEC\">Read more<\/a><\/p>","protected":false},"author":18,"featured_media":0,"comment_status":"open","ping_status":"open","sticky":false,"template":"","format":"standard","meta":{"_monsterinsights_skip_tracking":false,"_monsterinsights_sitenote_active":false,"_monsterinsights_sitenote_note":"","_monsterinsights_sitenote_category":0,"footnotes":""},"categories":[1],"tags":[24,54,41,55,53],"class_list":["post-843","post","type-post","status-publish","format-standard","hentry","category-zuuz-mobilidade-eletrica","tag-carro-eletrico","tag-condominios","tag-recarga-carro-eletrico","tag-recarga-carro-eletrico-condominios","tag-recarregamento-carro-eletrico"],"yoast_head":"<!-- This site is optimized with the Yoast SEO plugin v27.4 - https:\/\/yoast.com\/product\/yoast-seo-wordpress\/ -->\n<title>Gest\u00e3o de recarga de ve\u00edculos el\u00e9tricos - APAMEC -<\/title>\n<meta name=\"description\" content=\"Gest\u00e3o de recarga de ve\u00edculos el\u00e9tricos - Vinicio Carrara falou num bate papo sobre recarga de carros el\u00e9tricos em condom\u00ednios\" \/>\n<meta name=\"robots\" content=\"index, follow, max-snippet:-1, max-image-preview:large, max-video-preview:-1\" \/>\n<link rel=\"canonical\" href=\"https:\/\/zuuz.com.br\/en\/gestao-de-recarga-de-veiculos-eletricos\/\" \/>\n<meta property=\"og:locale\" content=\"en_GB\" \/>\n<meta property=\"og:type\" content=\"article\" \/>\n<meta property=\"og:title\" content=\"Gest\u00e3o de recarga de ve\u00edculos el\u00e9tricos - APAMEC -\" \/>\n<meta property=\"og:description\" content=\"Gest\u00e3o de recarga de ve\u00edculos el\u00e9tricos - Vinicio Carrara falou num bate papo sobre recarga de carros el\u00e9tricos em condom\u00ednios\" \/>\n<meta property=\"og:url\" content=\"https:\/\/zuuz.com.br\/en\/gestao-de-recarga-de-veiculos-eletricos\/\" \/>\n<meta property=\"og:site_name\" content=\"ZuuZ - Mobilidade El\u00e9trica\" \/>\n<meta property=\"article:publisher\" content=\"https:\/\/www.facebook.com\/profile.php?id=100089280586493\" \/>\n<meta property=\"article:published_time\" content=\"2023-03-14T15:08:48+00:00\" \/>\n<meta property=\"article:modified_time\" content=\"2023-03-14T19:24:10+00:00\" \/>\n<meta property=\"og:image\" content=\"https:\/\/zuuz.com.br\/wp-content\/uploads\/2023\/03\/Copia-de-ZuuZ-Instagram-6-1024x1024.png\" \/>\n<meta name=\"author\" content=\"Rodrigo Monteiro\" \/>\n<meta name=\"twitter:card\" content=\"summary_large_image\" \/>\n<meta name=\"twitter:label1\" content=\"Written by\" \/>\n\t<meta name=\"twitter:data1\" content=\"Rodrigo Monteiro\" \/>\n\t<meta name=\"twitter:label2\" content=\"Estimated reading time\" \/>\n\t<meta name=\"twitter:data2\" content=\"2 minutes\" \/>\n<script type=\"application\/ld+json\" class=\"yoast-schema-graph\">{\"@context\":\"https:\\\/\\\/schema.org\",\"@graph\":[{\"@type\":\"Article\",\"@id\":\"https:\\\/\\\/zuuz.com.br\\\/gestao-de-recarga-de-veiculos-eletricos\\\/#article\",\"isPartOf\":{\"@id\":\"https:\\\/\\\/zuuz.com.br\\\/gestao-de-recarga-de-veiculos-eletricos\\\/\"},\"author\":{\"name\":\"Rodrigo Monteiro\",\"@id\":\"https:\\\/\\\/zuuz.com.br\\\/#\\\/schema\\\/person\\\/1a2f12fed119550e7265234ededb92d1\"},\"headline\":\"Gest\u00e3o de recarga de ve\u00edculos el\u00e9tricos &#8211; APAMEC\",\"datePublished\":\"2023-03-14T15:08:48+00:00\",\"dateModified\":\"2023-03-14T19:24:10+00:00\",\"mainEntityOfPage\":{\"@id\":\"https:\\\/\\\/zuuz.com.br\\\/gestao-de-recarga-de-veiculos-eletricos\\\/\"},\"wordCount\":301,\"commentCount\":0,\"publisher\":{\"@id\":\"https:\\\/\\\/zuuz.com.br\\\/#organization\"},\"image\":{\"@id\":\"https:\\\/\\\/zuuz.com.br\\\/gestao-de-recarga-de-veiculos-eletricos\\\/#primaryimage\"},\"thumbnailUrl\":\"https:\\\/\\\/zuuz.com.br\\\/wp-content\\\/uploads\\\/2023\\\/03\\\/Copia-de-ZuuZ-Instagram-6-1024x1024.png\",\"keywords\":[\"carro el\u00e9trico\",\"condom\u00ednios\",\"recarga carro el\u00e9trico\",\"recarga carro el\u00e9trico condom\u00ednios\",\"recarregamento carro el\u00e9trico\"],\"articleSection\":[\"ZuuZ Mobilidade El\u00e9trica\"],\"inLanguage\":\"en-GB\",\"potentialAction\":[{\"@type\":\"CommentAction\",\"name\":\"Comment\",\"target\":[\"https:\\\/\\\/zuuz.com.br\\\/gestao-de-recarga-de-veiculos-eletricos\\\/#respond\"]}]},{\"@type\":\"WebPage\",\"@id\":\"https:\\\/\\\/zuuz.com.br\\\/gestao-de-recarga-de-veiculos-eletricos\\\/\",\"url\":\"https:\\\/\\\/zuuz.com.br\\\/gestao-de-recarga-de-veiculos-eletricos\\\/\",\"name\":\"Gest\u00e3o de recarga de ve\u00edculos el\u00e9tricos - APAMEC -\",\"isPartOf\":{\"@id\":\"https:\\\/\\\/zuuz.com.br\\\/#website\"},\"primaryImageOfPage\":{\"@id\":\"https:\\\/\\\/zuuz.com.br\\\/gestao-de-recarga-de-veiculos-eletricos\\\/#primaryimage\"},\"image\":{\"@id\":\"https:\\\/\\\/zuuz.com.br\\\/gestao-de-recarga-de-veiculos-eletricos\\\/#primaryimage\"},\"thumbnailUrl\":\"https:\\\/\\\/zuuz.com.br\\\/wp-content\\\/uploads\\\/2023\\\/03\\\/Copia-de-ZuuZ-Instagram-6-1024x1024.png\",\"datePublished\":\"2023-03-14T15:08:48+00:00\",\"dateModified\":\"2023-03-14T19:24:10+00:00\",\"description\":\"Gest\u00e3o de recarga de ve\u00edculos el\u00e9tricos - Vinicio Carrara falou num bate papo sobre recarga de carros el\u00e9tricos em condom\u00ednios\",\"breadcrumb\":{\"@id\":\"https:\\\/\\\/zuuz.com.br\\\/gestao-de-recarga-de-veiculos-eletricos\\\/#breadcrumb\"},\"inLanguage\":\"en-GB\",\"potentialAction\":[{\"@type\":\"ReadAction\",\"target\":[\"https:\\\/\\\/zuuz.com.br\\\/gestao-de-recarga-de-veiculos-eletricos\\\/\"]}]},{\"@type\":\"ImageObject\",\"inLanguage\":\"en-GB\",\"@id\":\"https:\\\/\\\/zuuz.com.br\\\/gestao-de-recarga-de-veiculos-eletricos\\\/#primaryimage\",\"url\":\"https:\\\/\\\/zuuz.com.br\\\/wp-content\\\/uploads\\\/2023\\\/03\\\/Copia-de-ZuuZ-Instagram-6-1024x1024.png\",\"contentUrl\":\"https:\\\/\\\/zuuz.com.br\\\/wp-content\\\/uploads\\\/2023\\\/03\\\/Copia-de-ZuuZ-Instagram-6-1024x1024.png\"},{\"@type\":\"BreadcrumbList\",\"@id\":\"https:\\\/\\\/zuuz.com.br\\\/gestao-de-recarga-de-veiculos-eletricos\\\/#breadcrumb\",\"itemListElement\":[{\"@type\":\"ListItem\",\"position\":1,\"name\":\"In\u00edcio\",\"item\":\"https:\\\/\\\/zuuz.com.br\\\/\"},{\"@type\":\"ListItem\",\"position\":2,\"name\":\"Gest\u00e3o de recarga de ve\u00edculos el\u00e9tricos &#8211; APAMEC\"}]},{\"@type\":\"WebSite\",\"@id\":\"https:\\\/\\\/zuuz.com.br\\\/#website\",\"url\":\"https:\\\/\\\/zuuz.com.br\\\/\",\"name\":\"ZuuZ - Mobilidade El\u00e9trica\",\"description\":\"Recarga para Ve\u00edculos El\u00e9tricos em Condom\u00ednios Residenciais e Comerciais\",\"publisher\":{\"@id\":\"https:\\\/\\\/zuuz.com.br\\\/#organization\"},\"potentialAction\":[{\"@type\":\"SearchAction\",\"target\":{\"@type\":\"EntryPoint\",\"urlTemplate\":\"https:\\\/\\\/zuuz.com.br\\\/?s={search_term_string}\"},\"query-input\":{\"@type\":\"PropertyValueSpecification\",\"valueRequired\":true,\"valueName\":\"search_term_string\"}}],\"inLanguage\":\"en-GB\"},{\"@type\":\"Organization\",\"@id\":\"https:\\\/\\\/zuuz.com.br\\\/#organization\",\"name\":\"ZuuZ Mobilidade El\u00e9trica\",\"url\":\"https:\\\/\\\/zuuz.com.br\\\/\",\"logo\":{\"@type\":\"ImageObject\",\"inLanguage\":\"en-GB\",\"@id\":\"https:\\\/\\\/zuuz.com.br\\\/#\\\/schema\\\/logo\\\/image\\\/\",\"url\":\"https:\\\/\\\/zuuz.com.br\\\/wp-content\\\/uploads\\\/2023\\\/02\\\/Logo-compacto.jpg\",\"contentUrl\":\"https:\\\/\\\/zuuz.com.br\\\/wp-content\\\/uploads\\\/2023\\\/02\\\/Logo-compacto.jpg\",\"width\":349,\"height\":110,\"caption\":\"ZuuZ Mobilidade El\u00e9trica\"},\"image\":{\"@id\":\"https:\\\/\\\/zuuz.com.br\\\/#\\\/schema\\\/logo\\\/image\\\/\"},\"sameAs\":[\"https:\\\/\\\/www.facebook.com\\\/profile.php?id=100089280586493\",\"https:\\\/\\\/www.linkedin.com\\\/company\\\/zuuz\\\/\",\"http:\\\/\\\/www.instagram.com\\\/zuuz_mobilidade_eletrica\\\/\"]},{\"@type\":\"Person\",\"@id\":\"https:\\\/\\\/zuuz.com.br\\\/#\\\/schema\\\/person\\\/1a2f12fed119550e7265234ededb92d1\",\"name\":\"Rodrigo Monteiro\",\"image\":{\"@type\":\"ImageObject\",\"inLanguage\":\"en-GB\",\"@id\":\"https:\\\/\\\/zuuz.com.br\\\/wp-content\\\/litespeed\\\/avatar\\\/d2e598a3985ee24b426f31c8ce397fb4.jpg?ver=1776920062\",\"url\":\"https:\\\/\\\/zuuz.com.br\\\/wp-content\\\/litespeed\\\/avatar\\\/d2e598a3985ee24b426f31c8ce397fb4.jpg?ver=1776920062\",\"contentUrl\":\"https:\\\/\\\/zuuz.com.br\\\/wp-content\\\/litespeed\\\/avatar\\\/d2e598a3985ee24b426f31c8ce397fb4.jpg?ver=1776920062\",\"caption\":\"Rodrigo Monteiro\"},\"url\":\"https:\\\/\\\/zuuz.com.br\\\/en\\\/author\\\/marketing\\\/\"}]}<\/script>\n<!-- \/ Yoast SEO plugin. -->","yoast_head_json":{"title":"Gest\u00e3o de recarga de ve\u00edculos el\u00e9tricos - APAMEC -","description":"Gest\u00e3o de recarga de ve\u00edculos el\u00e9tricos - Vinicio Carrara falou num bate papo sobre recarga de carros el\u00e9tricos em condom\u00ednios","robots":{"index":"index","follow":"follow","max-snippet":"max-snippet:-1","max-image-preview":"max-image-preview:large","max-video-preview":"max-video-preview:-1"},"canonical":"https:\/\/zuuz.com.br\/en\/gestao-de-recarga-de-veiculos-eletricos\/","og_locale":"en_GB","og_type":"article","og_title":"Gest\u00e3o de recarga de ve\u00edculos el\u00e9tricos - APAMEC -","og_description":"Gest\u00e3o de recarga de ve\u00edculos el\u00e9tricos - Vinicio Carrara falou num bate papo sobre recarga de carros el\u00e9tricos em condom\u00ednios","og_url":"https:\/\/zuuz.com.br\/en\/gestao-de-recarga-de-veiculos-eletricos\/","og_site_name":"ZuuZ - Mobilidade El\u00e9trica","article_publisher":"https:\/\/www.facebook.com\/profile.php?id=100089280586493","article_published_time":"2023-03-14T15:08:48+00:00","article_modified_time":"2023-03-14T19:24:10+00:00","og_image":[{"url":"https:\/\/zuuz.com.br\/wp-content\/uploads\/2023\/03\/Copia-de-ZuuZ-Instagram-6-1024x1024.png","type":"","width":"","height":""}],"author":"Rodrigo Monteiro","twitter_card":"summary_large_image","twitter_misc":{"Written by":"Rodrigo Monteiro","Estimated reading time":"2 minutes"},"schema":{"@context":"https:\/\/schema.org","@graph":[{"@type":"Article","@id":"https:\/\/zuuz.com.br\/gestao-de-recarga-de-veiculos-eletricos\/#article","isPartOf":{"@id":"https:\/\/zuuz.com.br\/gestao-de-recarga-de-veiculos-eletricos\/"},"author":{"name":"Rodrigo Monteiro","@id":"https:\/\/zuuz.com.br\/#\/schema\/person\/1a2f12fed119550e7265234ededb92d1"},"headline":"Gest\u00e3o de recarga de ve\u00edculos el\u00e9tricos &#8211; APAMEC","datePublished":"2023-03-14T15:08:48+00:00","dateModified":"2023-03-14T19:24:10+00:00","mainEntityOfPage":{"@id":"https:\/\/zuuz.com.br\/gestao-de-recarga-de-veiculos-eletricos\/"},"wordCount":301,"commentCount":0,"publisher":{"@id":"https:\/\/zuuz.com.br\/#organization"},"image":{"@id":"https:\/\/zuuz.com.br\/gestao-de-recarga-de-veiculos-eletricos\/#primaryimage"},"thumbnailUrl":"https:\/\/zuuz.com.br\/wp-content\/uploads\/2023\/03\/Copia-de-ZuuZ-Instagram-6-1024x1024.png","keywords":["carro el\u00e9trico","condom\u00ednios","recarga carro el\u00e9trico","recarga carro el\u00e9trico condom\u00ednios","recarregamento carro el\u00e9trico"],"articleSection":["ZuuZ Mobilidade El\u00e9trica"],"inLanguage":"en-GB","potentialAction":[{"@type":"CommentAction","name":"Comment","target":["https:\/\/zuuz.com.br\/gestao-de-recarga-de-veiculos-eletricos\/#respond"]}]},{"@type":"WebPage","@id":"https:\/\/zuuz.com.br\/gestao-de-recarga-de-veiculos-eletricos\/","url":"https:\/\/zuuz.com.br\/gestao-de-recarga-de-veiculos-eletricos\/","name":"Gest\u00e3o de recarga de ve\u00edculos el\u00e9tricos - APAMEC -","isPartOf":{"@id":"https:\/\/zuuz.com.br\/#website"},"primaryImageOfPage":{"@id":"https:\/\/zuuz.com.br\/gestao-de-recarga-de-veiculos-eletricos\/#primaryimage"},"image":{"@id":"https:\/\/zuuz.com.br\/gestao-de-recarga-de-veiculos-eletricos\/#primaryimage"},"thumbnailUrl":"https:\/\/zuuz.com.br\/wp-content\/uploads\/2023\/03\/Copia-de-ZuuZ-Instagram-6-1024x1024.png","datePublished":"2023-03-14T15:08:48+00:00","dateModified":"2023-03-14T19:24:10+00:00","description":"Gest\u00e3o de recarga de ve\u00edculos el\u00e9tricos - Vinicio Carrara falou num bate papo sobre recarga de carros el\u00e9tricos em condom\u00ednios","breadcrumb":{"@id":"https:\/\/zuuz.com.br\/gestao-de-recarga-de-veiculos-eletricos\/#breadcrumb"},"inLanguage":"en-GB","potentialAction":[{"@type":"ReadAction","target":["https:\/\/zuuz.com.br\/gestao-de-recarga-de-veiculos-eletricos\/"]}]},{"@type":"ImageObject","inLanguage":"en-GB","@id":"https:\/\/zuuz.com.br\/gestao-de-recarga-de-veiculos-eletricos\/#primaryimage","url":"https:\/\/zuuz.com.br\/wp-content\/uploads\/2023\/03\/Copia-de-ZuuZ-Instagram-6-1024x1024.png","contentUrl":"https:\/\/zuuz.com.br\/wp-content\/uploads\/2023\/03\/Copia-de-ZuuZ-Instagram-6-1024x1024.png"},{"@type":"BreadcrumbList","@id":"https:\/\/zuuz.com.br\/gestao-de-recarga-de-veiculos-eletricos\/#breadcrumb","itemListElement":[{"@type":"ListItem","position":1,"name":"In\u00edcio","item":"https:\/\/zuuz.com.br\/"},{"@type":"ListItem","position":2,"name":"Gest\u00e3o de recarga de ve\u00edculos el\u00e9tricos &#8211; APAMEC"}]},{"@type":"WebSite","@id":"https:\/\/zuuz.com.br\/#website","url":"https:\/\/zuuz.com.br\/","name":"ZuuZ - Mobilidade El\u00e9trica","description":"Recarga para Ve\u00edculos El\u00e9tricos em Condom\u00ednios Residenciais e Comerciais","publisher":{"@id":"https:\/\/zuuz.com.br\/#organization"},"potentialAction":[{"@type":"SearchAction","target":{"@type":"EntryPoint","urlTemplate":"https:\/\/zuuz.com.br\/?s={search_term_string}"},"query-input":{"@type":"PropertyValueSpecification","valueRequired":true,"valueName":"search_term_string"}}],"inLanguage":"en-GB"},{"@type":"Organization","@id":"https:\/\/zuuz.com.br\/#organization","name":"ZuuZ Mobilidade El\u00e9trica","url":"https:\/\/zuuz.com.br\/","logo":{"@type":"ImageObject","inLanguage":"en-GB","@id":"https:\/\/zuuz.com.br\/#\/schema\/logo\/image\/","url":"https:\/\/zuuz.com.br\/wp-content\/uploads\/2023\/02\/Logo-compacto.jpg","contentUrl":"https:\/\/zuuz.com.br\/wp-content\/uploads\/2023\/02\/Logo-compacto.jpg","width":349,"height":110,"caption":"ZuuZ Mobilidade El\u00e9trica"},"image":{"@id":"https:\/\/zuuz.com.br\/#\/schema\/logo\/image\/"},"sameAs":["https:\/\/www.facebook.com\/profile.php?id=100089280586493","https:\/\/www.linkedin.com\/company\/zuuz\/","http:\/\/www.instagram.com\/zuuz_mobilidade_eletrica\/"]},{"@type":"Person","@id":"https:\/\/zuuz.com.br\/#\/schema\/person\/1a2f12fed119550e7265234ededb92d1","name":"Rodrigo Monteiro","image":{"@type":"ImageObject","inLanguage":"en-GB","@id":"https:\/\/zuuz.com.br\/wp-content\/litespeed\/avatar\/d2e598a3985ee24b426f31c8ce397fb4.jpg?ver=1776920062","url":"https:\/\/zuuz.com.br\/wp-content\/litespeed\/avatar\/d2e598a3985ee24b426f31c8ce397fb4.jpg?ver=1776920062","contentUrl":"https:\/\/zuuz.com.br\/wp-content\/litespeed\/avatar\/d2e598a3985ee24b426f31c8ce397fb4.jpg?ver=1776920062","caption":"Rodrigo Monteiro"},"url":"https:\/\/zuuz.com.br\/en\/author\/marketing\/"}]}},"_links":{"self":[{"href":"https:\/\/zuuz.com.br\/en\/wp-json\/wp\/v2\/posts\/843","targetHints":{"allow":["GET"]}}],"collection":[{"href":"https:\/\/zuuz.com.br\/en\/wp-json\/wp\/v2\/posts"}],"about":[{"href":"https:\/\/zuuz.com.br\/en\/wp-json\/wp\/v2\/types\/post"}],"author":[{"embeddable":true,"href":"https:\/\/zuuz.com.br\/en\/wp-json\/wp\/v2\/users\/18"}],"replies":[{"embeddable":true,"href":"https:\/\/zuuz.com.br\/en\/wp-json\/wp\/v2\/comments?post=843"}],"version-history":[{"count":5,"href":"https:\/\/zuuz.com.br\/en\/wp-json\/wp\/v2\/posts\/843\/revisions"}],"predecessor-version":[{"id":849,"href":"https:\/\/zuuz.com.br\/en\/wp-json\/wp\/v2\/posts\/843\/revisions\/849"}],"wp:attachment":[{"href":"https:\/\/zuuz.com.br\/en\/wp-json\/wp\/v2\/media?parent=843"}],"wp:term":[{"taxonomy":"category","embeddable":true,"href":"https:\/\/zuuz.com.br\/en\/wp-json\/wp\/v2\/categories?post=843"},{"taxonomy":"post_tag","embeddable":true,"href":"https:\/\/zuuz.com.br\/en\/wp-json\/wp\/v2\/tags?post=843"}],"curies":[{"name":"wp","href":"https:\/\/api.w.org\/{rel}","templated":true}]}}