{"id":862,"date":"2023-03-21T10:17:22","date_gmt":"2023-03-21T13:17:22","guid":{"rendered":"https:\/\/zuuz.com.br\/?p=862"},"modified":"2023-03-21T10:21:22","modified_gmt":"2023-03-21T13:21:22","slug":"mercado-de-carros-eletricos-brasil","status":"publish","type":"post","link":"https:\/\/zuuz.com.br\/en\/mercado-de-carros-eletricos-brasil\/","title":{"rendered":"Mercado de Carros El\u00e9tricos Brasil"},"content":{"rendered":"<div data-elementor-type=\"wp-post\" data-elementor-id=\"862\" class=\"elementor elementor-862\" data-elementor-post-type=\"post\">\n\t\t\t\t\t\t<section class=\"elementor-section elementor-top-section elementor-element elementor-element-684beded elementor-section-boxed elementor-section-height-default elementor-section-height-default\" data-id=\"684beded\" data-element_type=\"section\" data-e-type=\"section\">\n\t\t\t\t\t\t<div class=\"elementor-container elementor-column-gap-default\">\n\t\t\t\t\t<div class=\"elementor-column elementor-col-100 elementor-top-column elementor-element elementor-element-36812df1\" data-id=\"36812df1\" data-element_type=\"column\" data-e-type=\"column\">\n\t\t\t<div class=\"elementor-widget-wrap elementor-element-populated\">\n\t\t\t\t\t\t<div class=\"elementor-element elementor-element-250e8c4 elementor-widget elementor-widget-image\" data-id=\"250e8c4\" data-element_type=\"widget\" data-e-type=\"widget\" data-widget_type=\"image.default\">\n\t\t\t\t\t\t\t\t\t\t\t\t\t\t\t<img fetchpriority=\"high\" decoding=\"async\" width=\"960\" height=\"640\" src=\"https:\/\/zuuz.com.br\/wp-content\/uploads\/2023\/03\/car-718781_960_720.jpg\" class=\"attachment-large size-large wp-image-865\" alt=\"Venda de carros el\u00e9tricos no mercado brasil\" srcset=\"https:\/\/zuuz.com.br\/wp-content\/uploads\/2023\/03\/car-718781_960_720.jpg 960w, https:\/\/zuuz.com.br\/wp-content\/uploads\/2023\/03\/car-718781_960_720-300x200.jpg 300w, https:\/\/zuuz.com.br\/wp-content\/uploads\/2023\/03\/car-718781_960_720-768x512.jpg 768w, https:\/\/zuuz.com.br\/wp-content\/uploads\/2023\/03\/car-718781_960_720-18x12.jpg 18w\" sizes=\"(max-width: 960px) 100vw, 960px\" \/>\t\t\t\t\t\t\t\t\t\t\t\t\t\t\t<\/div>\n\t\t\t\t<div class=\"elementor-element elementor-element-2b979983 elementor-widget elementor-widget-text-editor\" data-id=\"2b979983\" data-element_type=\"widget\" data-e-type=\"widget\" data-widget_type=\"text-editor.default\">\n\t\t\t\t\t\t\t\t\t<p>O mercado de carros el\u00e9tricos no Brasil tem \u00f3timas previs\u00f5es de crescimento para os pr\u00f3ximos anos.<\/p><p>\u00a0<\/p><p>O n\u00famero geral de ve\u00edculos leves vendidos nos \u00faltimos 8 anos apresentou algumas oscila\u00e7\u00f5es. Em 2015 por exemplo a venda chegou a 2.568.932 unidades, com queda no ano seguinte, recupera\u00e7\u00e3o por 3 anos, at\u00e9 2019 e, pela pandemia, queda<\/p><p>\u00a0<\/p><p>\u00a0<\/p><p><strong>Vendas Anuais Ve\u00edculos Leves (incluindo h\u00edbridos e el\u00e9tricos)<\/strong><\/p><p>2015 \u2013 2.568.932<\/p><p>2016 \u2013 2.050.040<\/p><p>2017 \u2013 2.239.359<\/p><p>2018 \u2013 2.566.003<\/p><p>2019 \u2013 2.787.618<\/p><p>2020 \u20132.058.315<\/p><p>2021 \u2013 1.974.902<\/p><p>2022 \u2013 1.957.669<\/p><p>\u00a0<\/p><p>\u00a0<\/p><p>Analisando os n\u00fameros, \u00e9 poss\u00edvel ver que houve oscila\u00e7\u00e3o e decr\u00e9scimo de venda nos \u00faltimos anos, estabilizando na faixa de 2 milh\u00f5es de unidades.\u00a0 Segundo a <a href=\"https:\/\/anfavea.com.br\/site\/\">ANFAVEA<\/a>, a previs\u00e3o para 2023 \u00e9 um resultado muito semelhante ao do ano passado.<\/p><p>Fazendo a an\u00e1lise dos n\u00fameros, percebemos que o mercado brasileiro que j\u00e1 esteve entre os 5 maiores do mundo, agora enfrenta <a href=\"https:\/\/g1.globo.com\/economia\/noticia\/2021\/01\/05\/vendas-de-veiculos-novos-caem-26percent-em-2020-pior-resultado-desde-2015.ghtml\">certa retra\u00e7\u00e3o.<\/a><\/p><p>Mas h\u00e1 uma exce\u00e7\u00e3o. S\u00e3o os carros el\u00e9tricos.<\/p><p>O mercado de ve\u00edculos el\u00e9tricos, formado tanto por h\u00edbridos como 100% el\u00e9tricos vem apresentando um crescimento elevado nos \u00faltimos anos.<\/p><p>Abaixo podemos conferir a porcentagem dessas duas modalidades dentro do segmento de ve\u00edculos eleves<\/p><p>\u00a0<\/p><p>2015 \u2013 0,0%<\/p><p>2016 \u2013 0,1%<\/p><p>2017 \u2013 0,2%<\/p><p>2018 \u2013 0,2%<\/p><p>2019 \u2013 0,6%<\/p><p>2020 \u2013 1%<\/p><p>2021 \u2013 1,7%<\/p><p>2022 \u2013 2,5%<\/p><p>\u00a0<\/p><p>Vejam o salto que a venda de carros el\u00e9tricos teve desde 2015, onde era basicamente nula, at\u00e9 2,5% da frota total de ve\u00edculos em 2022. Nesse ano a venda ficou em cerca de 40 mil unidades em todo o Brasil.<\/p><p>Para 2023 h\u00e1 expectativa de venda de cerca de <a href=\"https:\/\/exame.com\/casual\/carros-eletrificados-brasil-2023\/\">65 mil ve\u00edculos<\/a>, que v\u00e3o ser equivalentes a 3,3% da participa\u00e7\u00e3o das vendas de ve\u00edculos leves.<\/p><p>A proje\u00e7\u00e3o de m\u00e9dio e longo prazo \u00e9 que haja grande crescimento da venda de ve\u00edculos e carros el\u00e9tricos.\u00a0 Em 2030 \u00e9 poss\u00edvel esperar um total de vendas mais de 500 mil unidades, totalizando quase 30% do total de ve\u00edculos novos.<\/p><p>\u00c9 a realidade chegando rapidamente.<\/p><p>Por isso a ZuuZ Mobilidade El\u00e9trica faz um importante trabalho nesse blog para mostrar que a cada dia que passa \u00e9 preciso que os gestores, s\u00edndicos e administradores de edif\u00edcios estejam atentos. Tanto os pr\u00e9dios comerciais como residenciais, novos ou j\u00e1 habitados, precisam se preparar para atender a demanda de carros e ve\u00edculos el\u00e9tricos.<\/p><p>A ZuuZ oferece a <a href=\"https:\/\/zuuz.com.br\/en\/carregamento-eletrico-condominios\/\">melhor solu\u00e7\u00e3o de esta\u00e7\u00e3o de recarga<\/a> para carros el\u00e9tricos, realizando o planejamento, implementa\u00e7\u00e3o e gest\u00e3o, de forma r\u00e1pida, pr\u00e1tica e f\u00e1cil!<\/p><p>Por isso, se voc\u00ea j\u00e1 est\u00e1 recebendo demandas dos moradores do seu edif\u00edcio, ou quer mesmo j\u00e1 estar preparado quando algum usu\u00e1rio fizer a compra de um carro el\u00e9trico, fale com a equipe da ZuuZ e tenha o melhor sistema de esta\u00e7\u00e3o de recarga de ve\u00edculos el\u00e9tricos do mercado!<\/p>\t\t\t\t\t\t\t\t<\/div>\n\t\t\t\t\t<\/div>\n\t\t<\/div>\n\t\t\t\t\t<\/div>\n\t\t<\/section>\n\t\t\t\t<\/div>","protected":false},"excerpt":{"rendered":"<p>O mercado de carros el\u00e9tricos no Brasil tem \u00f3timas previs\u00f5es de crescimento para os pr\u00f3ximos anos. O n\u00famero geral de ve\u00edculos leves vendidos nos \u00faltimos 8 anos apresentou algumas oscila\u00e7\u00f5es. Em 2015 por exemplo a venda chegou a 2.568.932 unidades, com queda no ano seguinte, recupera\u00e7\u00e3o por 3 anos, at\u00e9 &#8230; <a title=\"Mercado de Carros El\u00e9tricos Brasil\" class=\"read-more\" href=\"https:\/\/zuuz.com.br\/en\/mercado-de-carros-eletricos-brasil\/\" aria-label=\"Read more about Mercado de Carros El\u00e9tricos Brasil\">Read more<\/a><\/p>","protected":false},"author":18,"featured_media":0,"comment_status":"open","ping_status":"open","sticky":false,"template":"","format":"standard","meta":{"_monsterinsights_skip_tracking":false,"_monsterinsights_sitenote_active":false,"_monsterinsights_sitenote_note":"","_monsterinsights_sitenote_category":0,"footnotes":""},"categories":[38],"tags":[56,24,57,52,26,41,55,42],"class_list":["post-862","post","type-post","status-publish","format-standard","hentry","category-mercado-eletrico","tag-carga-veiculo-eletrico","tag-carro-eletrico","tag-estacao-de-recarga","tag-estacao-de-recarga-de-carro-eletrico","tag-estacao-de-recarga-veiculo-eletrico","tag-recarga-carro-eletrico","tag-recarga-carro-eletrico-condominios","tag-recarga-veiculo-eletrico"],"yoast_head":"<!-- This site is optimized with the Yoast SEO plugin v27.4 - https:\/\/yoast.com\/product\/yoast-seo-wordpress\/ -->\n<title>Mercado de Carros El\u00e9tricos Brasil - ZuuZ - Mobilidade El\u00e9trica<\/title>\n<meta name=\"description\" content=\"N\u00fameros de venda de ve\u00edculos leves no pa\u00eds e o crescimento da venda de modelos h\u00edbridos e 100% el\u00e9tricos no Brasil.\" \/>\n<meta name=\"robots\" content=\"index, follow, max-snippet:-1, max-image-preview:large, max-video-preview:-1\" \/>\n<link rel=\"canonical\" href=\"https:\/\/zuuz.com.br\/en\/mercado-de-carros-eletricos-brasil\/\" \/>\n<meta property=\"og:locale\" content=\"en_GB\" \/>\n<meta property=\"og:type\" content=\"article\" \/>\n<meta property=\"og:title\" content=\"Mercado de Carros El\u00e9tricos Brasil - ZuuZ - Mobilidade El\u00e9trica\" \/>\n<meta property=\"og:description\" content=\"N\u00fameros de venda de ve\u00edculos leves no pa\u00eds e o crescimento da venda de modelos h\u00edbridos e 100% el\u00e9tricos no Brasil.\" \/>\n<meta property=\"og:url\" content=\"https:\/\/zuuz.com.br\/en\/mercado-de-carros-eletricos-brasil\/\" \/>\n<meta property=\"og:site_name\" content=\"ZuuZ - Mobilidade El\u00e9trica\" \/>\n<meta property=\"article:publisher\" content=\"https:\/\/www.facebook.com\/profile.php?id=100089280586493\" \/>\n<meta property=\"article:published_time\" content=\"2023-03-21T13:17:22+00:00\" \/>\n<meta property=\"article:modified_time\" content=\"2023-03-21T13:21:22+00:00\" \/>\n<meta property=\"og:image\" content=\"https:\/\/zuuz.com.br\/wp-content\/uploads\/2023\/03\/car-718781_960_720.jpg\" \/>\n<meta name=\"author\" content=\"Rodrigo Monteiro\" \/>\n<meta name=\"twitter:card\" content=\"summary_large_image\" \/>\n<meta name=\"twitter:label1\" content=\"Written by\" \/>\n\t<meta name=\"twitter:data1\" content=\"Rodrigo Monteiro\" \/>\n\t<meta name=\"twitter:label2\" content=\"Estimated reading time\" \/>\n\t<meta name=\"twitter:data2\" content=\"3 minutes\" \/>\n<script type=\"application\/ld+json\" class=\"yoast-schema-graph\">{\"@context\":\"https:\\\/\\\/schema.org\",\"@graph\":[{\"@type\":\"Article\",\"@id\":\"https:\\\/\\\/zuuz.com.br\\\/mercado-de-carros-eletricos-brasil\\\/#article\",\"isPartOf\":{\"@id\":\"https:\\\/\\\/zuuz.com.br\\\/mercado-de-carros-eletricos-brasil\\\/\"},\"author\":{\"name\":\"Rodrigo Monteiro\",\"@id\":\"https:\\\/\\\/zuuz.com.br\\\/#\\\/schema\\\/person\\\/1a2f12fed119550e7265234ededb92d1\"},\"headline\":\"Mercado de Carros El\u00e9tricos Brasil\",\"datePublished\":\"2023-03-21T13:17:22+00:00\",\"dateModified\":\"2023-03-21T13:21:22+00:00\",\"mainEntityOfPage\":{\"@id\":\"https:\\\/\\\/zuuz.com.br\\\/mercado-de-carros-eletricos-brasil\\\/\"},\"wordCount\":447,\"commentCount\":0,\"publisher\":{\"@id\":\"https:\\\/\\\/zuuz.com.br\\\/#organization\"},\"image\":{\"@id\":\"https:\\\/\\\/zuuz.com.br\\\/mercado-de-carros-eletricos-brasil\\\/#primaryimage\"},\"thumbnailUrl\":\"https:\\\/\\\/zuuz.com.br\\\/wp-content\\\/uploads\\\/2023\\\/03\\\/car-718781_960_720.jpg\",\"keywords\":[\"carga ve\u00edculo el\u00e9trico\",\"carro el\u00e9trico\",\"esta\u00e7\u00e3o de recarga\",\"esta\u00e7\u00e3o de recarga de carro el\u00e9trico\",\"esta\u00e7\u00e3o de recarga ve\u00edculo el\u00e9trico\",\"recarga carro el\u00e9trico\",\"recarga carro el\u00e9trico condom\u00ednios\",\"recarga ve\u00edculo el\u00e9trico\"],\"articleSection\":[\"Mercado El\u00e9trico\"],\"inLanguage\":\"en-GB\",\"potentialAction\":[{\"@type\":\"CommentAction\",\"name\":\"Comment\",\"target\":[\"https:\\\/\\\/zuuz.com.br\\\/mercado-de-carros-eletricos-brasil\\\/#respond\"]}]},{\"@type\":\"WebPage\",\"@id\":\"https:\\\/\\\/zuuz.com.br\\\/mercado-de-carros-eletricos-brasil\\\/\",\"url\":\"https:\\\/\\\/zuuz.com.br\\\/mercado-de-carros-eletricos-brasil\\\/\",\"name\":\"Mercado de Carros El\u00e9tricos Brasil - ZuuZ - Mobilidade El\u00e9trica\",\"isPartOf\":{\"@id\":\"https:\\\/\\\/zuuz.com.br\\\/#website\"},\"primaryImageOfPage\":{\"@id\":\"https:\\\/\\\/zuuz.com.br\\\/mercado-de-carros-eletricos-brasil\\\/#primaryimage\"},\"image\":{\"@id\":\"https:\\\/\\\/zuuz.com.br\\\/mercado-de-carros-eletricos-brasil\\\/#primaryimage\"},\"thumbnailUrl\":\"https:\\\/\\\/zuuz.com.br\\\/wp-content\\\/uploads\\\/2023\\\/03\\\/car-718781_960_720.jpg\",\"datePublished\":\"2023-03-21T13:17:22+00:00\",\"dateModified\":\"2023-03-21T13:21:22+00:00\",\"description\":\"N\u00fameros de venda de ve\u00edculos leves no pa\u00eds e o crescimento da venda de modelos h\u00edbridos e 100% el\u00e9tricos no Brasil.\",\"breadcrumb\":{\"@id\":\"https:\\\/\\\/zuuz.com.br\\\/mercado-de-carros-eletricos-brasil\\\/#breadcrumb\"},\"inLanguage\":\"en-GB\",\"potentialAction\":[{\"@type\":\"ReadAction\",\"target\":[\"https:\\\/\\\/zuuz.com.br\\\/mercado-de-carros-eletricos-brasil\\\/\"]}]},{\"@type\":\"ImageObject\",\"inLanguage\":\"en-GB\",\"@id\":\"https:\\\/\\\/zuuz.com.br\\\/mercado-de-carros-eletricos-brasil\\\/#primaryimage\",\"url\":\"https:\\\/\\\/zuuz.com.br\\\/wp-content\\\/uploads\\\/2023\\\/03\\\/car-718781_960_720.jpg\",\"contentUrl\":\"https:\\\/\\\/zuuz.com.br\\\/wp-content\\\/uploads\\\/2023\\\/03\\\/car-718781_960_720.jpg\"},{\"@type\":\"BreadcrumbList\",\"@id\":\"https:\\\/\\\/zuuz.com.br\\\/mercado-de-carros-eletricos-brasil\\\/#breadcrumb\",\"itemListElement\":[{\"@type\":\"ListItem\",\"position\":1,\"name\":\"In\u00edcio\",\"item\":\"https:\\\/\\\/zuuz.com.br\\\/\"},{\"@type\":\"ListItem\",\"position\":2,\"name\":\"Mercado de Carros El\u00e9tricos Brasil\"}]},{\"@type\":\"WebSite\",\"@id\":\"https:\\\/\\\/zuuz.com.br\\\/#website\",\"url\":\"https:\\\/\\\/zuuz.com.br\\\/\",\"name\":\"ZuuZ - Mobilidade El\u00e9trica\",\"description\":\"Recarga para Ve\u00edculos El\u00e9tricos em Condom\u00ednios Residenciais e Comerciais\",\"publisher\":{\"@id\":\"https:\\\/\\\/zuuz.com.br\\\/#organization\"},\"potentialAction\":[{\"@type\":\"SearchAction\",\"target\":{\"@type\":\"EntryPoint\",\"urlTemplate\":\"https:\\\/\\\/zuuz.com.br\\\/?s={search_term_string}\"},\"query-input\":{\"@type\":\"PropertyValueSpecification\",\"valueRequired\":true,\"valueName\":\"search_term_string\"}}],\"inLanguage\":\"en-GB\"},{\"@type\":\"Organization\",\"@id\":\"https:\\\/\\\/zuuz.com.br\\\/#organization\",\"name\":\"ZuuZ Mobilidade El\u00e9trica\",\"url\":\"https:\\\/\\\/zuuz.com.br\\\/\",\"logo\":{\"@type\":\"ImageObject\",\"inLanguage\":\"en-GB\",\"@id\":\"https:\\\/\\\/zuuz.com.br\\\/#\\\/schema\\\/logo\\\/image\\\/\",\"url\":\"https:\\\/\\\/zuuz.com.br\\\/wp-content\\\/uploads\\\/2023\\\/02\\\/Logo-compacto.jpg\",\"contentUrl\":\"https:\\\/\\\/zuuz.com.br\\\/wp-content\\\/uploads\\\/2023\\\/02\\\/Logo-compacto.jpg\",\"width\":349,\"height\":110,\"caption\":\"ZuuZ Mobilidade El\u00e9trica\"},\"image\":{\"@id\":\"https:\\\/\\\/zuuz.com.br\\\/#\\\/schema\\\/logo\\\/image\\\/\"},\"sameAs\":[\"https:\\\/\\\/www.facebook.com\\\/profile.php?id=100089280586493\",\"https:\\\/\\\/www.linkedin.com\\\/company\\\/zuuz\\\/\",\"http:\\\/\\\/www.instagram.com\\\/zuuz_mobilidade_eletrica\\\/\"]},{\"@type\":\"Person\",\"@id\":\"https:\\\/\\\/zuuz.com.br\\\/#\\\/schema\\\/person\\\/1a2f12fed119550e7265234ededb92d1\",\"name\":\"Rodrigo Monteiro\",\"image\":{\"@type\":\"ImageObject\",\"inLanguage\":\"en-GB\",\"@id\":\"https:\\\/\\\/zuuz.com.br\\\/wp-content\\\/litespeed\\\/avatar\\\/d2e598a3985ee24b426f31c8ce397fb4.jpg?ver=1776920062\",\"url\":\"https:\\\/\\\/zuuz.com.br\\\/wp-content\\\/litespeed\\\/avatar\\\/d2e598a3985ee24b426f31c8ce397fb4.jpg?ver=1776920062\",\"contentUrl\":\"https:\\\/\\\/zuuz.com.br\\\/wp-content\\\/litespeed\\\/avatar\\\/d2e598a3985ee24b426f31c8ce397fb4.jpg?ver=1776920062\",\"caption\":\"Rodrigo Monteiro\"},\"url\":\"https:\\\/\\\/zuuz.com.br\\\/en\\\/author\\\/marketing\\\/\"}]}<\/script>\n<!-- \/ Yoast SEO plugin. -->","yoast_head_json":{"title":"Mercado de Carros El\u00e9tricos Brasil - ZuuZ - Mobilidade El\u00e9trica","description":"N\u00fameros de venda de ve\u00edculos leves no pa\u00eds e o crescimento da venda de modelos h\u00edbridos e 100% el\u00e9tricos no Brasil.","robots":{"index":"index","follow":"follow","max-snippet":"max-snippet:-1","max-image-preview":"max-image-preview:large","max-video-preview":"max-video-preview:-1"},"canonical":"https:\/\/zuuz.com.br\/en\/mercado-de-carros-eletricos-brasil\/","og_locale":"en_GB","og_type":"article","og_title":"Mercado de Carros El\u00e9tricos Brasil - ZuuZ - Mobilidade El\u00e9trica","og_description":"N\u00fameros de venda de ve\u00edculos leves no pa\u00eds e o crescimento da venda de modelos h\u00edbridos e 100% el\u00e9tricos no Brasil.","og_url":"https:\/\/zuuz.com.br\/en\/mercado-de-carros-eletricos-brasil\/","og_site_name":"ZuuZ - Mobilidade El\u00e9trica","article_publisher":"https:\/\/www.facebook.com\/profile.php?id=100089280586493","article_published_time":"2023-03-21T13:17:22+00:00","article_modified_time":"2023-03-21T13:21:22+00:00","og_image":[{"url":"https:\/\/zuuz.com.br\/wp-content\/uploads\/2023\/03\/car-718781_960_720.jpg","type":"","width":"","height":""}],"author":"Rodrigo Monteiro","twitter_card":"summary_large_image","twitter_misc":{"Written by":"Rodrigo Monteiro","Estimated reading time":"3 minutes"},"schema":{"@context":"https:\/\/schema.org","@graph":[{"@type":"Article","@id":"https:\/\/zuuz.com.br\/mercado-de-carros-eletricos-brasil\/#article","isPartOf":{"@id":"https:\/\/zuuz.com.br\/mercado-de-carros-eletricos-brasil\/"},"author":{"name":"Rodrigo Monteiro","@id":"https:\/\/zuuz.com.br\/#\/schema\/person\/1a2f12fed119550e7265234ededb92d1"},"headline":"Mercado de Carros El\u00e9tricos Brasil","datePublished":"2023-03-21T13:17:22+00:00","dateModified":"2023-03-21T13:21:22+00:00","mainEntityOfPage":{"@id":"https:\/\/zuuz.com.br\/mercado-de-carros-eletricos-brasil\/"},"wordCount":447,"commentCount":0,"publisher":{"@id":"https:\/\/zuuz.com.br\/#organization"},"image":{"@id":"https:\/\/zuuz.com.br\/mercado-de-carros-eletricos-brasil\/#primaryimage"},"thumbnailUrl":"https:\/\/zuuz.com.br\/wp-content\/uploads\/2023\/03\/car-718781_960_720.jpg","keywords":["carga ve\u00edculo el\u00e9trico","carro el\u00e9trico","esta\u00e7\u00e3o de recarga","esta\u00e7\u00e3o de recarga de carro el\u00e9trico","esta\u00e7\u00e3o de recarga ve\u00edculo el\u00e9trico","recarga carro el\u00e9trico","recarga carro el\u00e9trico condom\u00ednios","recarga ve\u00edculo el\u00e9trico"],"articleSection":["Mercado El\u00e9trico"],"inLanguage":"en-GB","potentialAction":[{"@type":"CommentAction","name":"Comment","target":["https:\/\/zuuz.com.br\/mercado-de-carros-eletricos-brasil\/#respond"]}]},{"@type":"WebPage","@id":"https:\/\/zuuz.com.br\/mercado-de-carros-eletricos-brasil\/","url":"https:\/\/zuuz.com.br\/mercado-de-carros-eletricos-brasil\/","name":"Mercado de Carros El\u00e9tricos Brasil - ZuuZ - Mobilidade El\u00e9trica","isPartOf":{"@id":"https:\/\/zuuz.com.br\/#website"},"primaryImageOfPage":{"@id":"https:\/\/zuuz.com.br\/mercado-de-carros-eletricos-brasil\/#primaryimage"},"image":{"@id":"https:\/\/zuuz.com.br\/mercado-de-carros-eletricos-brasil\/#primaryimage"},"thumbnailUrl":"https:\/\/zuuz.com.br\/wp-content\/uploads\/2023\/03\/car-718781_960_720.jpg","datePublished":"2023-03-21T13:17:22+00:00","dateModified":"2023-03-21T13:21:22+00:00","description":"N\u00fameros de venda de ve\u00edculos leves no pa\u00eds e o crescimento da venda de modelos h\u00edbridos e 100% el\u00e9tricos no Brasil.","breadcrumb":{"@id":"https:\/\/zuuz.com.br\/mercado-de-carros-eletricos-brasil\/#breadcrumb"},"inLanguage":"en-GB","potentialAction":[{"@type":"ReadAction","target":["https:\/\/zuuz.com.br\/mercado-de-carros-eletricos-brasil\/"]}]},{"@type":"ImageObject","inLanguage":"en-GB","@id":"https:\/\/zuuz.com.br\/mercado-de-carros-eletricos-brasil\/#primaryimage","url":"https:\/\/zuuz.com.br\/wp-content\/uploads\/2023\/03\/car-718781_960_720.jpg","contentUrl":"https:\/\/zuuz.com.br\/wp-content\/uploads\/2023\/03\/car-718781_960_720.jpg"},{"@type":"BreadcrumbList","@id":"https:\/\/zuuz.com.br\/mercado-de-carros-eletricos-brasil\/#breadcrumb","itemListElement":[{"@type":"ListItem","position":1,"name":"In\u00edcio","item":"https:\/\/zuuz.com.br\/"},{"@type":"ListItem","position":2,"name":"Mercado de Carros El\u00e9tricos Brasil"}]},{"@type":"WebSite","@id":"https:\/\/zuuz.com.br\/#website","url":"https:\/\/zuuz.com.br\/","name":"ZuuZ - Mobilidade El\u00e9trica","description":"Recarga para Ve\u00edculos El\u00e9tricos em Condom\u00ednios Residenciais e Comerciais","publisher":{"@id":"https:\/\/zuuz.com.br\/#organization"},"potentialAction":[{"@type":"SearchAction","target":{"@type":"EntryPoint","urlTemplate":"https:\/\/zuuz.com.br\/?s={search_term_string}"},"query-input":{"@type":"PropertyValueSpecification","valueRequired":true,"valueName":"search_term_string"}}],"inLanguage":"en-GB"},{"@type":"Organization","@id":"https:\/\/zuuz.com.br\/#organization","name":"ZuuZ Mobilidade El\u00e9trica","url":"https:\/\/zuuz.com.br\/","logo":{"@type":"ImageObject","inLanguage":"en-GB","@id":"https:\/\/zuuz.com.br\/#\/schema\/logo\/image\/","url":"https:\/\/zuuz.com.br\/wp-content\/uploads\/2023\/02\/Logo-compacto.jpg","contentUrl":"https:\/\/zuuz.com.br\/wp-content\/uploads\/2023\/02\/Logo-compacto.jpg","width":349,"height":110,"caption":"ZuuZ Mobilidade El\u00e9trica"},"image":{"@id":"https:\/\/zuuz.com.br\/#\/schema\/logo\/image\/"},"sameAs":["https:\/\/www.facebook.com\/profile.php?id=100089280586493","https:\/\/www.linkedin.com\/company\/zuuz\/","http:\/\/www.instagram.com\/zuuz_mobilidade_eletrica\/"]},{"@type":"Person","@id":"https:\/\/zuuz.com.br\/#\/schema\/person\/1a2f12fed119550e7265234ededb92d1","name":"Rodrigo Monteiro","image":{"@type":"ImageObject","inLanguage":"en-GB","@id":"https:\/\/zuuz.com.br\/wp-content\/litespeed\/avatar\/d2e598a3985ee24b426f31c8ce397fb4.jpg?ver=1776920062","url":"https:\/\/zuuz.com.br\/wp-content\/litespeed\/avatar\/d2e598a3985ee24b426f31c8ce397fb4.jpg?ver=1776920062","contentUrl":"https:\/\/zuuz.com.br\/wp-content\/litespeed\/avatar\/d2e598a3985ee24b426f31c8ce397fb4.jpg?ver=1776920062","caption":"Rodrigo Monteiro"},"url":"https:\/\/zuuz.com.br\/en\/author\/marketing\/"}]}},"_links":{"self":[{"href":"https:\/\/zuuz.com.br\/en\/wp-json\/wp\/v2\/posts\/862","targetHints":{"allow":["GET"]}}],"collection":[{"href":"https:\/\/zuuz.com.br\/en\/wp-json\/wp\/v2\/posts"}],"about":[{"href":"https:\/\/zuuz.com.br\/en\/wp-json\/wp\/v2\/types\/post"}],"author":[{"embeddable":true,"href":"https:\/\/zuuz.com.br\/en\/wp-json\/wp\/v2\/users\/18"}],"replies":[{"embeddable":true,"href":"https:\/\/zuuz.com.br\/en\/wp-json\/wp\/v2\/comments?post=862"}],"version-history":[{"count":5,"href":"https:\/\/zuuz.com.br\/en\/wp-json\/wp\/v2\/posts\/862\/revisions"}],"predecessor-version":[{"id":869,"href":"https:\/\/zuuz.com.br\/en\/wp-json\/wp\/v2\/posts\/862\/revisions\/869"}],"wp:attachment":[{"href":"https:\/\/zuuz.com.br\/en\/wp-json\/wp\/v2\/media?parent=862"}],"wp:term":[{"taxonomy":"category","embeddable":true,"href":"https:\/\/zuuz.com.br\/en\/wp-json\/wp\/v2\/categories?post=862"},{"taxonomy":"post_tag","embeddable":true,"href":"https:\/\/zuuz.com.br\/en\/wp-json\/wp\/v2\/tags?post=862"}],"curies":[{"name":"wp","href":"https:\/\/api.w.org\/{rel}","templated":true}]}}