{"id":874,"date":"2023-03-27T15:12:33","date_gmt":"2023-03-27T18:12:33","guid":{"rendered":"https:\/\/zuuz.com.br\/?p=874"},"modified":"2023-03-27T15:15:58","modified_gmt":"2023-03-27T18:15:58","slug":"todos-querem-ter-um-carro-eletrico","status":"publish","type":"post","link":"https:\/\/zuuz.com.br\/en\/todos-querem-ter-um-carro-eletrico\/","title":{"rendered":"Todos querem ter um carro el\u00e9trico"},"content":{"rendered":"<div data-elementor-type=\"wp-post\" data-elementor-id=\"874\" class=\"elementor elementor-874\" data-elementor-post-type=\"post\">\n\t\t\t\t\t\t<section class=\"elementor-section elementor-top-section elementor-element elementor-element-3f86f484 elementor-section-boxed elementor-section-height-default elementor-section-height-default\" data-id=\"3f86f484\" data-element_type=\"section\" data-e-type=\"section\">\n\t\t\t\t\t\t<div class=\"elementor-container elementor-column-gap-default\">\n\t\t\t\t\t<div class=\"elementor-column elementor-col-100 elementor-top-column elementor-element elementor-element-6f467236\" data-id=\"6f467236\" data-element_type=\"column\" data-e-type=\"column\">\n\t\t\t<div class=\"elementor-widget-wrap elementor-element-populated\">\n\t\t\t\t\t\t<div class=\"elementor-element elementor-element-613d75f elementor-widget elementor-widget-image\" data-id=\"613d75f\" data-element_type=\"widget\" data-e-type=\"widget\" data-widget_type=\"image.default\">\n\t\t\t\t\t\t\t\t\t\t\t\t\t\t\t<img fetchpriority=\"high\" decoding=\"async\" width=\"1024\" height=\"681\" src=\"https:\/\/zuuz.com.br\/wp-content\/uploads\/2023\/03\/pexels-hyundai-motor-group-14611055-1024x681.jpg\" class=\"attachment-large size-large wp-image-875\" alt=\"Carro El\u00e9trico\" srcset=\"https:\/\/zuuz.com.br\/wp-content\/uploads\/2023\/03\/pexels-hyundai-motor-group-14611055-1024x681.jpg 1024w, https:\/\/zuuz.com.br\/wp-content\/uploads\/2023\/03\/pexels-hyundai-motor-group-14611055-300x200.jpg 300w, https:\/\/zuuz.com.br\/wp-content\/uploads\/2023\/03\/pexels-hyundai-motor-group-14611055-768x511.jpg 768w, https:\/\/zuuz.com.br\/wp-content\/uploads\/2023\/03\/pexels-hyundai-motor-group-14611055-1536x1022.jpg 1536w, https:\/\/zuuz.com.br\/wp-content\/uploads\/2023\/03\/pexels-hyundai-motor-group-14611055-2048x1363.jpg 2048w, https:\/\/zuuz.com.br\/wp-content\/uploads\/2023\/03\/pexels-hyundai-motor-group-14611055-18x12.jpg 18w\" sizes=\"(max-width: 1024px) 100vw, 1024px\" \/>\t\t\t\t\t\t\t\t\t\t\t\t\t\t\t<\/div>\n\t\t\t\t<div class=\"elementor-element elementor-element-50c16b92 elementor-widget elementor-widget-text-editor\" data-id=\"50c16b92\" data-element_type=\"widget\" data-e-type=\"widget\" data-widget_type=\"text-editor.default\">\n\t\t\t\t\t\t\t\t\t<p>Essa \u00e9 a realidade no Brasil. Todos querem ter um carro el\u00e9trico!<\/p><p>\u00a0<\/p><p>Reportagem do <a href=\"https:\/\/canalve.com.br\/mais-da-metade-dos-brasileiros-quer-ter-carro-hibrido-ou-eletrico\/\">CanalVE<\/a> divulgou os resultados de uma pesquisa contratada pelo Google. Segundo dados compilados da enquete, dos brasileiros que pensam em comprar um carro nos pr\u00f3ximos meses, 52% consideram realizar a compra de um modelo el\u00e9trico.<\/p><p>\u00a0<\/p><p>Dentro desse p\u00fablico, daqueles que pretendem comprar um carro zero km, o n\u00famero salta para 65%.\u00a0 O que mais atrai o p\u00fablico para consumir um modelo el\u00e9trico \u00e9 o apelo tecnol\u00f3gico (37%) e benef\u00edcios em custos e isen\u00e7\u00f5es (35%), depois entra o <a href=\"https:\/\/insideevs.uol.com.br\/news\/567989\/carro-eletrico-vantagem-ambiental\/\">aspecto ambiental<\/a> (27%).<\/p><p>\u00a0<\/p><p>Al\u00e9m desses aspectos apontados, 98% dos entrevistados enxergam os donos de carro el\u00e9trico como pessoas bem sucedidas. Isso pode em fato estar atrelado ao momento atual dos pre\u00e7os de el\u00e9tricos, que ainda s\u00e3o elevados. Provavelmente nos pr\u00f3ximos anos, com a populariza\u00e7\u00e3o dos ve\u00edculos e carros el\u00e9tricos, esse n\u00famero pode mudar.<\/p><p>\u00a0<\/p><p>Essas not\u00edcias s\u00e3o todas um resultado do excelente n\u00famero de vendas de carros h\u00edbridos e el\u00e9tricos no Brasil. Agora em 2023, j\u00e1 temos resultados das vendas desses ve\u00edculos entre janeiro e fevereiro, que foram quase 50% maior do que o mesmo per\u00edodo em 2022. Ou seja, os n\u00fameros n\u00e3o mentem e mostram essa realidade.<\/p><p>\u00a0<\/p><p>Por outro lado, aqui na <a href=\"https:\/\/zuuz.com.br\/en\/\">ZuuZ Mobilidade El\u00e9trica<\/a> enxergamos que a cada dia mais surgem novas demandas para esta\u00e7\u00f5es de recargas de ve\u00edculos el\u00e9tricos. Assim, seguimos oferecendo nossas solu\u00e7\u00f5es de gest\u00e3o de esta\u00e7\u00f5es de recargas para carros el\u00e9tricos em condom\u00ednios residenciais e comerciais.\u00a0 <a href=\"https:\/\/zuuz.com.br\/en\/carregamento-eletrico-condominios\/\">Seja em novos edif\u00edcios ou j\u00e1 habitados<\/a>, a mobilidade el\u00e9trica j\u00e1 \u00e9 uma demanda recorrente e veio para ficar.<\/p><p>\u00a0<\/p>\t\t\t\t\t\t\t\t<\/div>\n\t\t\t\t\t<\/div>\n\t\t<\/div>\n\t\t\t\t\t<\/div>\n\t\t<\/section>\n\t\t\t\t<\/div>","protected":false},"excerpt":{"rendered":"<p>Essa \u00e9 a realidade no Brasil. Todos querem ter um carro el\u00e9trico! Reportagem do CanalVE divulgou os resultados de uma pesquisa contratada pelo Google. Segundo dados compilados da enquete, dos brasileiros que pensam em comprar um carro nos pr\u00f3ximos meses, 52% consideram realizar a compra de um modelo el\u00e9trico. Dentro &#8230; <a title=\"Todos querem ter um carro el\u00e9trico\" class=\"read-more\" href=\"https:\/\/zuuz.com.br\/en\/todos-querem-ter-um-carro-eletrico\/\" aria-label=\"Read more about Todos querem ter um carro el\u00e9trico\">Read more<\/a><\/p>","protected":false},"author":18,"featured_media":0,"comment_status":"open","ping_status":"open","sticky":false,"template":"","format":"standard","meta":{"_monsterinsights_skip_tracking":false,"_monsterinsights_sitenote_active":false,"_monsterinsights_sitenote_note":"","_monsterinsights_sitenote_category":0,"footnotes":""},"categories":[1],"tags":[],"class_list":["post-874","post","type-post","status-publish","format-standard","hentry","category-zuuz-mobilidade-eletrica"],"yoast_head":"<!-- This site is optimized with the Yoast SEO plugin v27.4 - https:\/\/yoast.com\/product\/yoast-seo-wordpress\/ -->\n<title>Todos querem ter um carro el\u00e9trico -<\/title>\n<meta name=\"description\" content=\"Todos querem ter um carro el\u00e9trico. Os n\u00fameros mostram que os brasileiros desejam ter um el\u00e9trico como pr\u00f3ximo ve\u00edculo\" \/>\n<meta name=\"robots\" content=\"index, follow, max-snippet:-1, max-image-preview:large, max-video-preview:-1\" \/>\n<link rel=\"canonical\" href=\"https:\/\/zuuz.com.br\/en\/todos-querem-ter-um-carro-eletrico\/\" \/>\n<meta property=\"og:locale\" content=\"en_GB\" \/>\n<meta property=\"og:type\" content=\"article\" \/>\n<meta property=\"og:title\" content=\"Todos querem ter um carro el\u00e9trico -\" \/>\n<meta property=\"og:description\" content=\"Todos querem ter um carro el\u00e9trico. Os n\u00fameros mostram que os brasileiros desejam ter um el\u00e9trico como pr\u00f3ximo ve\u00edculo\" \/>\n<meta property=\"og:url\" content=\"https:\/\/zuuz.com.br\/en\/todos-querem-ter-um-carro-eletrico\/\" \/>\n<meta property=\"og:site_name\" content=\"ZuuZ - Mobilidade El\u00e9trica\" \/>\n<meta property=\"article:publisher\" content=\"https:\/\/www.facebook.com\/profile.php?id=100089280586493\" \/>\n<meta property=\"article:published_time\" content=\"2023-03-27T18:12:33+00:00\" \/>\n<meta property=\"article:modified_time\" content=\"2023-03-27T18:15:58+00:00\" \/>\n<meta property=\"og:image\" content=\"https:\/\/zuuz.com.br\/wp-content\/uploads\/2023\/03\/pexels-hyundai-motor-group-14611055-1024x681.jpg\" \/>\n<meta name=\"author\" content=\"Rodrigo Monteiro\" \/>\n<meta name=\"twitter:card\" content=\"summary_large_image\" \/>\n<meta name=\"twitter:label1\" content=\"Written by\" \/>\n\t<meta name=\"twitter:data1\" content=\"Rodrigo Monteiro\" \/>\n\t<meta name=\"twitter:label2\" content=\"Estimated reading time\" \/>\n\t<meta name=\"twitter:data2\" content=\"2 minutes\" \/>\n<script type=\"application\/ld+json\" class=\"yoast-schema-graph\">{\"@context\":\"https:\\\/\\\/schema.org\",\"@graph\":[{\"@type\":\"Article\",\"@id\":\"https:\\\/\\\/zuuz.com.br\\\/todos-querem-ter-um-carro-eletrico\\\/#article\",\"isPartOf\":{\"@id\":\"https:\\\/\\\/zuuz.com.br\\\/todos-querem-ter-um-carro-eletrico\\\/\"},\"author\":{\"name\":\"Rodrigo Monteiro\",\"@id\":\"https:\\\/\\\/zuuz.com.br\\\/#\\\/schema\\\/person\\\/1a2f12fed119550e7265234ededb92d1\"},\"headline\":\"Todos querem ter um carro el\u00e9trico\",\"datePublished\":\"2023-03-27T18:12:33+00:00\",\"dateModified\":\"2023-03-27T18:15:58+00:00\",\"mainEntityOfPage\":{\"@id\":\"https:\\\/\\\/zuuz.com.br\\\/todos-querem-ter-um-carro-eletrico\\\/\"},\"wordCount\":295,\"commentCount\":0,\"publisher\":{\"@id\":\"https:\\\/\\\/zuuz.com.br\\\/#organization\"},\"image\":{\"@id\":\"https:\\\/\\\/zuuz.com.br\\\/todos-querem-ter-um-carro-eletrico\\\/#primaryimage\"},\"thumbnailUrl\":\"https:\\\/\\\/zuuz.com.br\\\/wp-content\\\/uploads\\\/2023\\\/03\\\/pexels-hyundai-motor-group-14611055-1024x681.jpg\",\"articleSection\":[\"ZuuZ Mobilidade El\u00e9trica\"],\"inLanguage\":\"en-GB\",\"potentialAction\":[{\"@type\":\"CommentAction\",\"name\":\"Comment\",\"target\":[\"https:\\\/\\\/zuuz.com.br\\\/todos-querem-ter-um-carro-eletrico\\\/#respond\"]}]},{\"@type\":\"WebPage\",\"@id\":\"https:\\\/\\\/zuuz.com.br\\\/todos-querem-ter-um-carro-eletrico\\\/\",\"url\":\"https:\\\/\\\/zuuz.com.br\\\/todos-querem-ter-um-carro-eletrico\\\/\",\"name\":\"Todos querem ter um carro el\u00e9trico -\",\"isPartOf\":{\"@id\":\"https:\\\/\\\/zuuz.com.br\\\/#website\"},\"primaryImageOfPage\":{\"@id\":\"https:\\\/\\\/zuuz.com.br\\\/todos-querem-ter-um-carro-eletrico\\\/#primaryimage\"},\"image\":{\"@id\":\"https:\\\/\\\/zuuz.com.br\\\/todos-querem-ter-um-carro-eletrico\\\/#primaryimage\"},\"thumbnailUrl\":\"https:\\\/\\\/zuuz.com.br\\\/wp-content\\\/uploads\\\/2023\\\/03\\\/pexels-hyundai-motor-group-14611055-1024x681.jpg\",\"datePublished\":\"2023-03-27T18:12:33+00:00\",\"dateModified\":\"2023-03-27T18:15:58+00:00\",\"description\":\"Todos querem ter um carro el\u00e9trico. Os n\u00fameros mostram que os brasileiros desejam ter um el\u00e9trico como pr\u00f3ximo ve\u00edculo\",\"breadcrumb\":{\"@id\":\"https:\\\/\\\/zuuz.com.br\\\/todos-querem-ter-um-carro-eletrico\\\/#breadcrumb\"},\"inLanguage\":\"en-GB\",\"potentialAction\":[{\"@type\":\"ReadAction\",\"target\":[\"https:\\\/\\\/zuuz.com.br\\\/todos-querem-ter-um-carro-eletrico\\\/\"]}]},{\"@type\":\"ImageObject\",\"inLanguage\":\"en-GB\",\"@id\":\"https:\\\/\\\/zuuz.com.br\\\/todos-querem-ter-um-carro-eletrico\\\/#primaryimage\",\"url\":\"https:\\\/\\\/zuuz.com.br\\\/wp-content\\\/uploads\\\/2023\\\/03\\\/pexels-hyundai-motor-group-14611055-1024x681.jpg\",\"contentUrl\":\"https:\\\/\\\/zuuz.com.br\\\/wp-content\\\/uploads\\\/2023\\\/03\\\/pexels-hyundai-motor-group-14611055-1024x681.jpg\"},{\"@type\":\"BreadcrumbList\",\"@id\":\"https:\\\/\\\/zuuz.com.br\\\/todos-querem-ter-um-carro-eletrico\\\/#breadcrumb\",\"itemListElement\":[{\"@type\":\"ListItem\",\"position\":1,\"name\":\"In\u00edcio\",\"item\":\"https:\\\/\\\/zuuz.com.br\\\/\"},{\"@type\":\"ListItem\",\"position\":2,\"name\":\"Todos querem ter um carro el\u00e9trico\"}]},{\"@type\":\"WebSite\",\"@id\":\"https:\\\/\\\/zuuz.com.br\\\/#website\",\"url\":\"https:\\\/\\\/zuuz.com.br\\\/\",\"name\":\"ZuuZ - Mobilidade El\u00e9trica\",\"description\":\"Recarga para Ve\u00edculos El\u00e9tricos em Condom\u00ednios Residenciais e Comerciais\",\"publisher\":{\"@id\":\"https:\\\/\\\/zuuz.com.br\\\/#organization\"},\"potentialAction\":[{\"@type\":\"SearchAction\",\"target\":{\"@type\":\"EntryPoint\",\"urlTemplate\":\"https:\\\/\\\/zuuz.com.br\\\/?s={search_term_string}\"},\"query-input\":{\"@type\":\"PropertyValueSpecification\",\"valueRequired\":true,\"valueName\":\"search_term_string\"}}],\"inLanguage\":\"en-GB\"},{\"@type\":\"Organization\",\"@id\":\"https:\\\/\\\/zuuz.com.br\\\/#organization\",\"name\":\"ZuuZ Mobilidade El\u00e9trica\",\"url\":\"https:\\\/\\\/zuuz.com.br\\\/\",\"logo\":{\"@type\":\"ImageObject\",\"inLanguage\":\"en-GB\",\"@id\":\"https:\\\/\\\/zuuz.com.br\\\/#\\\/schema\\\/logo\\\/image\\\/\",\"url\":\"https:\\\/\\\/zuuz.com.br\\\/wp-content\\\/uploads\\\/2023\\\/02\\\/Logo-compacto.jpg\",\"contentUrl\":\"https:\\\/\\\/zuuz.com.br\\\/wp-content\\\/uploads\\\/2023\\\/02\\\/Logo-compacto.jpg\",\"width\":349,\"height\":110,\"caption\":\"ZuuZ Mobilidade El\u00e9trica\"},\"image\":{\"@id\":\"https:\\\/\\\/zuuz.com.br\\\/#\\\/schema\\\/logo\\\/image\\\/\"},\"sameAs\":[\"https:\\\/\\\/www.facebook.com\\\/profile.php?id=100089280586493\",\"https:\\\/\\\/www.linkedin.com\\\/company\\\/zuuz\\\/\",\"http:\\\/\\\/www.instagram.com\\\/zuuz_mobilidade_eletrica\\\/\"]},{\"@type\":\"Person\",\"@id\":\"https:\\\/\\\/zuuz.com.br\\\/#\\\/schema\\\/person\\\/1a2f12fed119550e7265234ededb92d1\",\"name\":\"Rodrigo Monteiro\",\"image\":{\"@type\":\"ImageObject\",\"inLanguage\":\"en-GB\",\"@id\":\"https:\\\/\\\/zuuz.com.br\\\/wp-content\\\/litespeed\\\/avatar\\\/d2e598a3985ee24b426f31c8ce397fb4.jpg?ver=1776920062\",\"url\":\"https:\\\/\\\/zuuz.com.br\\\/wp-content\\\/litespeed\\\/avatar\\\/d2e598a3985ee24b426f31c8ce397fb4.jpg?ver=1776920062\",\"contentUrl\":\"https:\\\/\\\/zuuz.com.br\\\/wp-content\\\/litespeed\\\/avatar\\\/d2e598a3985ee24b426f31c8ce397fb4.jpg?ver=1776920062\",\"caption\":\"Rodrigo Monteiro\"},\"url\":\"https:\\\/\\\/zuuz.com.br\\\/en\\\/author\\\/marketing\\\/\"}]}<\/script>\n<!-- \/ Yoast SEO plugin. -->","yoast_head_json":{"title":"Todos querem ter um carro el\u00e9trico -","description":"Todos querem ter um carro el\u00e9trico. Os n\u00fameros mostram que os brasileiros desejam ter um el\u00e9trico como pr\u00f3ximo ve\u00edculo","robots":{"index":"index","follow":"follow","max-snippet":"max-snippet:-1","max-image-preview":"max-image-preview:large","max-video-preview":"max-video-preview:-1"},"canonical":"https:\/\/zuuz.com.br\/en\/todos-querem-ter-um-carro-eletrico\/","og_locale":"en_GB","og_type":"article","og_title":"Todos querem ter um carro el\u00e9trico -","og_description":"Todos querem ter um carro el\u00e9trico. Os n\u00fameros mostram que os brasileiros desejam ter um el\u00e9trico como pr\u00f3ximo ve\u00edculo","og_url":"https:\/\/zuuz.com.br\/en\/todos-querem-ter-um-carro-eletrico\/","og_site_name":"ZuuZ - Mobilidade El\u00e9trica","article_publisher":"https:\/\/www.facebook.com\/profile.php?id=100089280586493","article_published_time":"2023-03-27T18:12:33+00:00","article_modified_time":"2023-03-27T18:15:58+00:00","og_image":[{"url":"https:\/\/zuuz.com.br\/wp-content\/uploads\/2023\/03\/pexels-hyundai-motor-group-14611055-1024x681.jpg","type":"","width":"","height":""}],"author":"Rodrigo Monteiro","twitter_card":"summary_large_image","twitter_misc":{"Written by":"Rodrigo Monteiro","Estimated reading time":"2 minutes"},"schema":{"@context":"https:\/\/schema.org","@graph":[{"@type":"Article","@id":"https:\/\/zuuz.com.br\/todos-querem-ter-um-carro-eletrico\/#article","isPartOf":{"@id":"https:\/\/zuuz.com.br\/todos-querem-ter-um-carro-eletrico\/"},"author":{"name":"Rodrigo Monteiro","@id":"https:\/\/zuuz.com.br\/#\/schema\/person\/1a2f12fed119550e7265234ededb92d1"},"headline":"Todos querem ter um carro el\u00e9trico","datePublished":"2023-03-27T18:12:33+00:00","dateModified":"2023-03-27T18:15:58+00:00","mainEntityOfPage":{"@id":"https:\/\/zuuz.com.br\/todos-querem-ter-um-carro-eletrico\/"},"wordCount":295,"commentCount":0,"publisher":{"@id":"https:\/\/zuuz.com.br\/#organization"},"image":{"@id":"https:\/\/zuuz.com.br\/todos-querem-ter-um-carro-eletrico\/#primaryimage"},"thumbnailUrl":"https:\/\/zuuz.com.br\/wp-content\/uploads\/2023\/03\/pexels-hyundai-motor-group-14611055-1024x681.jpg","articleSection":["ZuuZ Mobilidade El\u00e9trica"],"inLanguage":"en-GB","potentialAction":[{"@type":"CommentAction","name":"Comment","target":["https:\/\/zuuz.com.br\/todos-querem-ter-um-carro-eletrico\/#respond"]}]},{"@type":"WebPage","@id":"https:\/\/zuuz.com.br\/todos-querem-ter-um-carro-eletrico\/","url":"https:\/\/zuuz.com.br\/todos-querem-ter-um-carro-eletrico\/","name":"Todos querem ter um carro el\u00e9trico -","isPartOf":{"@id":"https:\/\/zuuz.com.br\/#website"},"primaryImageOfPage":{"@id":"https:\/\/zuuz.com.br\/todos-querem-ter-um-carro-eletrico\/#primaryimage"},"image":{"@id":"https:\/\/zuuz.com.br\/todos-querem-ter-um-carro-eletrico\/#primaryimage"},"thumbnailUrl":"https:\/\/zuuz.com.br\/wp-content\/uploads\/2023\/03\/pexels-hyundai-motor-group-14611055-1024x681.jpg","datePublished":"2023-03-27T18:12:33+00:00","dateModified":"2023-03-27T18:15:58+00:00","description":"Todos querem ter um carro el\u00e9trico. Os n\u00fameros mostram que os brasileiros desejam ter um el\u00e9trico como pr\u00f3ximo ve\u00edculo","breadcrumb":{"@id":"https:\/\/zuuz.com.br\/todos-querem-ter-um-carro-eletrico\/#breadcrumb"},"inLanguage":"en-GB","potentialAction":[{"@type":"ReadAction","target":["https:\/\/zuuz.com.br\/todos-querem-ter-um-carro-eletrico\/"]}]},{"@type":"ImageObject","inLanguage":"en-GB","@id":"https:\/\/zuuz.com.br\/todos-querem-ter-um-carro-eletrico\/#primaryimage","url":"https:\/\/zuuz.com.br\/wp-content\/uploads\/2023\/03\/pexels-hyundai-motor-group-14611055-1024x681.jpg","contentUrl":"https:\/\/zuuz.com.br\/wp-content\/uploads\/2023\/03\/pexels-hyundai-motor-group-14611055-1024x681.jpg"},{"@type":"BreadcrumbList","@id":"https:\/\/zuuz.com.br\/todos-querem-ter-um-carro-eletrico\/#breadcrumb","itemListElement":[{"@type":"ListItem","position":1,"name":"In\u00edcio","item":"https:\/\/zuuz.com.br\/"},{"@type":"ListItem","position":2,"name":"Todos querem ter um carro el\u00e9trico"}]},{"@type":"WebSite","@id":"https:\/\/zuuz.com.br\/#website","url":"https:\/\/zuuz.com.br\/","name":"ZuuZ - Mobilidade El\u00e9trica","description":"Recarga para Ve\u00edculos El\u00e9tricos em Condom\u00ednios Residenciais e Comerciais","publisher":{"@id":"https:\/\/zuuz.com.br\/#organization"},"potentialAction":[{"@type":"SearchAction","target":{"@type":"EntryPoint","urlTemplate":"https:\/\/zuuz.com.br\/?s={search_term_string}"},"query-input":{"@type":"PropertyValueSpecification","valueRequired":true,"valueName":"search_term_string"}}],"inLanguage":"en-GB"},{"@type":"Organization","@id":"https:\/\/zuuz.com.br\/#organization","name":"ZuuZ Mobilidade El\u00e9trica","url":"https:\/\/zuuz.com.br\/","logo":{"@type":"ImageObject","inLanguage":"en-GB","@id":"https:\/\/zuuz.com.br\/#\/schema\/logo\/image\/","url":"https:\/\/zuuz.com.br\/wp-content\/uploads\/2023\/02\/Logo-compacto.jpg","contentUrl":"https:\/\/zuuz.com.br\/wp-content\/uploads\/2023\/02\/Logo-compacto.jpg","width":349,"height":110,"caption":"ZuuZ Mobilidade El\u00e9trica"},"image":{"@id":"https:\/\/zuuz.com.br\/#\/schema\/logo\/image\/"},"sameAs":["https:\/\/www.facebook.com\/profile.php?id=100089280586493","https:\/\/www.linkedin.com\/company\/zuuz\/","http:\/\/www.instagram.com\/zuuz_mobilidade_eletrica\/"]},{"@type":"Person","@id":"https:\/\/zuuz.com.br\/#\/schema\/person\/1a2f12fed119550e7265234ededb92d1","name":"Rodrigo Monteiro","image":{"@type":"ImageObject","inLanguage":"en-GB","@id":"https:\/\/zuuz.com.br\/wp-content\/litespeed\/avatar\/d2e598a3985ee24b426f31c8ce397fb4.jpg?ver=1776920062","url":"https:\/\/zuuz.com.br\/wp-content\/litespeed\/avatar\/d2e598a3985ee24b426f31c8ce397fb4.jpg?ver=1776920062","contentUrl":"https:\/\/zuuz.com.br\/wp-content\/litespeed\/avatar\/d2e598a3985ee24b426f31c8ce397fb4.jpg?ver=1776920062","caption":"Rodrigo Monteiro"},"url":"https:\/\/zuuz.com.br\/en\/author\/marketing\/"}]}},"_links":{"self":[{"href":"https:\/\/zuuz.com.br\/en\/wp-json\/wp\/v2\/posts\/874","targetHints":{"allow":["GET"]}}],"collection":[{"href":"https:\/\/zuuz.com.br\/en\/wp-json\/wp\/v2\/posts"}],"about":[{"href":"https:\/\/zuuz.com.br\/en\/wp-json\/wp\/v2\/types\/post"}],"author":[{"embeddable":true,"href":"https:\/\/zuuz.com.br\/en\/wp-json\/wp\/v2\/users\/18"}],"replies":[{"embeddable":true,"href":"https:\/\/zuuz.com.br\/en\/wp-json\/wp\/v2\/comments?post=874"}],"version-history":[{"count":4,"href":"https:\/\/zuuz.com.br\/en\/wp-json\/wp\/v2\/posts\/874\/revisions"}],"predecessor-version":[{"id":879,"href":"https:\/\/zuuz.com.br\/en\/wp-json\/wp\/v2\/posts\/874\/revisions\/879"}],"wp:attachment":[{"href":"https:\/\/zuuz.com.br\/en\/wp-json\/wp\/v2\/media?parent=874"}],"wp:term":[{"taxonomy":"category","embeddable":true,"href":"https:\/\/zuuz.com.br\/en\/wp-json\/wp\/v2\/categories?post=874"},{"taxonomy":"post_tag","embeddable":true,"href":"https:\/\/zuuz.com.br\/en\/wp-json\/wp\/v2\/tags?post=874"}],"curies":[{"name":"wp","href":"https:\/\/api.w.org\/{rel}","templated":true}]}}