{"id":926,"date":"2023-04-19T11:58:23","date_gmt":"2023-04-19T14:58:23","guid":{"rendered":"https:\/\/zuuz.com.br\/?p=926"},"modified":"2023-04-19T12:04:13","modified_gmt":"2023-04-19T15:04:13","slug":"recarregar-carro-eletrico-meu-predio","status":"publish","type":"post","link":"https:\/\/zuuz.com.br\/en\/recarregar-carro-eletrico-meu-predio\/","title":{"rendered":"Recarregar Carro El\u00e9trico no meu pr\u00e9dio"},"content":{"rendered":"<div data-elementor-type=\"wp-post\" data-elementor-id=\"926\" class=\"elementor elementor-926\" data-elementor-post-type=\"post\">\n\t\t\t\t\t\t<section class=\"elementor-section elementor-top-section elementor-element elementor-element-1b32078e elementor-section-boxed elementor-section-height-default elementor-section-height-default\" data-id=\"1b32078e\" data-element_type=\"section\" data-e-type=\"section\">\n\t\t\t\t\t\t<div class=\"elementor-container elementor-column-gap-default\">\n\t\t\t\t\t<div class=\"elementor-column elementor-col-100 elementor-top-column elementor-element elementor-element-4a46c08a\" data-id=\"4a46c08a\" data-element_type=\"column\" data-e-type=\"column\">\n\t\t\t<div class=\"elementor-widget-wrap elementor-element-populated\">\n\t\t\t\t\t\t<div class=\"elementor-element elementor-element-311ebaf elementor-widget elementor-widget-image\" data-id=\"311ebaf\" data-element_type=\"widget\" data-e-type=\"widget\" data-widget_type=\"image.default\">\n\t\t\t\t\t\t\t\t\t\t\t\t\t\t\t<img fetchpriority=\"high\" decoding=\"async\" width=\"1024\" height=\"683\" src=\"https:\/\/zuuz.com.br\/wp-content\/uploads\/2023\/04\/pexels-brett-sayles-1756957-1024x683.jpg\" class=\"attachment-large size-large wp-image-928\" alt=\"ZuuZ Mobilidade El\u00e9trica, estacionamento\" srcset=\"https:\/\/zuuz.com.br\/wp-content\/uploads\/2023\/04\/pexels-brett-sayles-1756957-1024x683.jpg 1024w, https:\/\/zuuz.com.br\/wp-content\/uploads\/2023\/04\/pexels-brett-sayles-1756957-300x200.jpg 300w, https:\/\/zuuz.com.br\/wp-content\/uploads\/2023\/04\/pexels-brett-sayles-1756957-768x512.jpg 768w, https:\/\/zuuz.com.br\/wp-content\/uploads\/2023\/04\/pexels-brett-sayles-1756957-1536x1024.jpg 1536w, https:\/\/zuuz.com.br\/wp-content\/uploads\/2023\/04\/pexels-brett-sayles-1756957-2048x1365.jpg 2048w, https:\/\/zuuz.com.br\/wp-content\/uploads\/2023\/04\/pexels-brett-sayles-1756957-18x12.jpg 18w\" sizes=\"(max-width: 1024px) 100vw, 1024px\" \/>\t\t\t\t\t\t\t\t\t\t\t\t\t\t\t<\/div>\n\t\t\t\t<div class=\"elementor-element elementor-element-abb6c19 elementor-widget elementor-widget-heading\" data-id=\"abb6c19\" data-element_type=\"widget\" data-e-type=\"widget\" data-widget_type=\"heading.default\">\n\t\t\t\t\t<h2 class=\"elementor-heading-title elementor-size-default\">Recarga de Carro El\u00e9trico no Condom\u00ednio<\/h2>\t\t\t\t<\/div>\n\t\t\t\t<div class=\"elementor-element elementor-element-7e4cfafe elementor-widget elementor-widget-text-editor\" data-id=\"7e4cfafe\" data-element_type=\"widget\" data-e-type=\"widget\" data-widget_type=\"text-editor.default\">\n\t\t\t\t\t\t\t\t\t<p>Essa \u00e9 uma grande d\u00favida que percebemos no cen\u00e1rio atual. Moradores de pr\u00e9dios que compraram um carro el\u00e9trico, ou que pretendem comprar e querem saber como recarreg\u00e1-los na vaga do seu pr\u00e9dio<\/p><p>\u00a0<\/p><p>Ao longo de posts anteriores nesse blog, explicamos um pouco sobre o <a href=\"https:\/\/www.google.com\/url?sa=t&amp;rct=j&amp;q=&amp;esrc=s&amp;source=web&amp;cd=&amp;cad=rja&amp;uact=8&amp;ved=2ahUKEwjCt9fYl7b-AhWRLrkGHevSDRIQFnoECA0QAQ&amp;url=https%3A%2F%2Finsideevs.uol.com.br%2Fnews%2F652811%2Fvendas-carros-eletricos-hibridos-mundo%2F&amp;usg=AOvVaw1wfBu8RMb5jz1SuT61woPw\">crescimento do mercado de ve\u00edculos el\u00e9tricos<\/a>, das etapas de <a href=\"https:\/\/zuuz.com.br\/en\/dicas-para-implementar-estacao-de-recarga-eletrica-no-seu-condominio\/\">implementa\u00e7\u00e3o de esta\u00e7\u00f5es de recargas<\/a> em condom\u00ednios, e como funciona a pr\u00f3pria recarga de carros e ve\u00edculos el\u00e9tricos.<\/p>\t\t\t\t\t\t\t\t<\/div>\n\t\t\t\t<div class=\"elementor-element elementor-element-e0430a5 elementor-widget elementor-widget-heading\" data-id=\"e0430a5\" data-element_type=\"widget\" data-e-type=\"widget\" data-widget_type=\"heading.default\">\n\t\t\t\t\t<h2 class=\"elementor-heading-title elementor-size-default\">\u00c9 s\u00f3 comprar um carregador?<\/h2>\t\t\t\t<\/div>\n\t\t\t\t<div class=\"elementor-element elementor-element-b916c7f elementor-widget elementor-widget-text-editor\" data-id=\"b916c7f\" data-element_type=\"widget\" data-e-type=\"widget\" data-widget_type=\"text-editor.default\">\n\t\t\t\t\t\t\t\t\t<p>\u00a0<\/p><p>Ufa, mas e agora?\u00a0 Voc\u00ea est\u00e1 prestes a comprar um carro el\u00e9trico, ou mesmo acabou de comprar um e pensa \u201ccomo fa\u00e7o para carreg\u00e1-lo no meu pr\u00e9dio?\u201d<\/p><p>A resposta n\u00e3o \u00e9 t\u00e3o simples como se imagina.<\/p><p>\u00a0<\/p><p>Aqueles que moram em resid\u00eancia tem uma op\u00e7\u00e3o mais simples de comprar um carregador, chamado comumente de wallbox e instalar na sua garagem. Diversas empresas no mercado oferecem essa solu\u00e7\u00e3o.<\/p><p>\u00a0<\/p><p>Agora, aqueles que moram em pr\u00e9dio precisam entender as din\u00e2micas e processos que envolvem ter uma esta\u00e7\u00e3o de recarga.<\/p><p>\u00a0<\/p><p>\u00a0<\/p>\t\t\t\t\t\t\t\t<\/div>\n\t\t\t\t<div class=\"elementor-element elementor-element-fcc0094 elementor-widget elementor-widget-heading\" data-id=\"fcc0094\" data-element_type=\"widget\" data-e-type=\"widget\" data-widget_type=\"heading.default\">\n\t\t\t\t\t<h2 class=\"elementor-heading-title elementor-size-default\">Entenda a din\u00e2mica do seu pr\u00e9dio<\/h2>\t\t\t\t<\/div>\n\t\t\t\t<div class=\"elementor-element elementor-element-4c088cc elementor-widget elementor-widget-text-editor\" data-id=\"4c088cc\" data-element_type=\"widget\" data-e-type=\"widget\" data-widget_type=\"text-editor.default\">\n\t\t\t\t\t\t\t\t\t<p>Uma delas \u00e9 sobre as vagas fixas. Se voc\u00ea n\u00e3o possui uma vaga fixa no seu condom\u00ednio, ter\u00e1 que avaliar com o seu s\u00edndico qual a melhor op\u00e7\u00e3o de ter uma vaga dedicada para um carregador, que pode inclusive ser utilizado por outros moradores.<\/p>\n<p><br><\/p>\n<p>Se voc\u00ea tiver uma vaga fixa, \u00e9 poss\u00edvel ter um carregador s\u00f3 para voc\u00ea. Mas no geral, condom\u00ednios bem administrados ir\u00e3o ter um planejamento para n\u00e3o permitir que cada morador fa\u00e7a a instala\u00e7\u00e3o de qualquer recarregador. Afinal, \u00e9 preciso que o sistema possa mensurar o consumo de kW (para que o morador possa ressarcir o consumo extra). Al\u00e9m disso, o edif\u00edcio precisa garantir que diversos recarregadores conectados a redes n\u00e3o sobrecarreguem o sistema el\u00e9trico.<\/p>\n<p><br><\/p>\n<p>Sendo assim, a melhor sugest\u00e3o para voc\u00ea que est\u00e1 pensando em comprar ou j\u00e1 possui um carro el\u00e9trico \u00e9 conversar com o seu s\u00edndico ou administradora condominial. Dessa forma pode ser discutido e aprovado um fornecedor de esta\u00e7\u00f5es de recarga. Com isso, cada novo morador que precisar de um carregador na sua vaga, poder\u00e1 fazer a compra do equipamento junto a empresa homologada. Consequentemente, garante-se a uniformidade dos equipamentos, e a seguran\u00e7a el\u00e9trica. Por fim, a gest\u00e3o do sistema de consumo e cobran\u00e7a pelas recargas ser\u00e1 realizada da melhor maneira.<\/p>\n<p><br><\/p>\t\t\t\t\t\t\t\t<\/div>\n\t\t\t\t<div class=\"elementor-element elementor-element-f2da608 elementor-widget elementor-widget-heading\" data-id=\"f2da608\" data-element_type=\"widget\" data-e-type=\"widget\" data-widget_type=\"heading.default\">\n\t\t\t\t\t<h2 class=\"elementor-heading-title elementor-size-default\">A ZuuZ pode auxiliar nesse processo<\/h2>\t\t\t\t<\/div>\n\t\t\t\t<div class=\"elementor-element elementor-element-e05beb8 elementor-widget elementor-widget-text-editor\" data-id=\"e05beb8\" data-element_type=\"widget\" data-e-type=\"widget\" data-widget_type=\"text-editor.default\">\n\t\t\t\t\t\t\t\t\t<p>E se voc\u00ea chegou ao final desse texto, por que n\u00e3o levar a\u00a0<a style=\"background-color: #ffffff;\" href=\"https:\/\/zuuz.com.br\/en\/carregamento-eletrico-condominios\/\">ZuuZ para o seu condom\u00ednio<\/a>?\u00a0 Fala com o respons\u00e1vel do seu pr\u00e9dio e pe\u00e7a para ele entrar em contato com\u00a0<a style=\"background-color: #ffffff;\" href=\"mailto:comercial@zuuz.com.br\">comercial@zuuz.com.br<\/a>\u00a0.\u00a0Nossa equipe far\u00e1 uma avalia\u00e7\u00e3o e elaborar\u00e1 uma proposta para levar o melhor sistema de gest\u00e3o de recarga el\u00e9trica do mercado.<\/p>\t\t\t\t\t\t\t\t<\/div>\n\t\t\t\t\t<\/div>\n\t\t<\/div>\n\t\t\t\t\t<\/div>\n\t\t<\/section>\n\t\t\t\t<\/div>","protected":false},"excerpt":{"rendered":"<p>Recarga de Carro El\u00e9trico no Condom\u00ednio Essa \u00e9 uma grande d\u00favida que percebemos no cen\u00e1rio atual. Moradores de pr\u00e9dios que compraram um carro el\u00e9trico, ou que pretendem comprar e querem saber como recarreg\u00e1-los na vaga do seu pr\u00e9dio Ao longo de posts anteriores nesse blog, explicamos um pouco sobre o &#8230; <a title=\"Recarregar Carro El\u00e9trico no meu pr\u00e9dio\" class=\"read-more\" href=\"https:\/\/zuuz.com.br\/en\/recarregar-carro-eletrico-meu-predio\/\" aria-label=\"Read more about Recarregar Carro El\u00e9trico no meu pr\u00e9dio\">Read more<\/a><\/p>","protected":false},"author":18,"featured_media":0,"comment_status":"open","ping_status":"open","sticky":false,"template":"","format":"standard","meta":{"_monsterinsights_skip_tracking":false,"_monsterinsights_sitenote_active":false,"_monsterinsights_sitenote_note":"","_monsterinsights_sitenote_category":0,"footnotes":""},"categories":[29],"tags":[63,59,62,61,60,41,58],"class_list":["post-926","post","type-post","status-publish","format-standard","hentry","category-funcionamento-de-estacoes-de-recarga","tag-carga-carro-eletrico-predio","tag-carregar-carro-eletrico","tag-instalacao-condominio","tag-instalacao-tomada-carro-eletrico-condominio","tag-instalar-tomada-de-carro-eletrico","tag-recarga-carro-eletrico","tag-recarregar-carro-eletrico"],"yoast_head":"<!-- This site is optimized with the Yoast SEO plugin v27.4 - https:\/\/yoast.com\/product\/yoast-seo-wordpress\/ -->\n<title>Recarregar Carro El\u00e9trico no meu pr\u00e9dio -<\/title>\n<meta name=\"description\" content=\"Como recarregar carro el\u00e9trico no meu pr\u00e9dio? \u00e9 a pergunta que respondemos no blog da ZuuZ! Confira tudo sobre o tema!\" \/>\n<meta name=\"robots\" content=\"index, follow, max-snippet:-1, max-image-preview:large, max-video-preview:-1\" \/>\n<link rel=\"canonical\" href=\"https:\/\/zuuz.com.br\/en\/recarregar-carro-eletrico-meu-predio\/\" \/>\n<meta property=\"og:locale\" content=\"en_GB\" \/>\n<meta property=\"og:type\" content=\"article\" \/>\n<meta property=\"og:title\" content=\"Recarregar Carro El\u00e9trico no meu pr\u00e9dio -\" \/>\n<meta property=\"og:description\" content=\"Como recarregar carro el\u00e9trico no meu pr\u00e9dio? \u00e9 a pergunta que respondemos no blog da ZuuZ! Confira tudo sobre o tema!\" \/>\n<meta property=\"og:url\" content=\"https:\/\/zuuz.com.br\/en\/recarregar-carro-eletrico-meu-predio\/\" \/>\n<meta property=\"og:site_name\" content=\"ZuuZ - Mobilidade El\u00e9trica\" \/>\n<meta property=\"article:publisher\" content=\"https:\/\/www.facebook.com\/profile.php?id=100089280586493\" \/>\n<meta property=\"article:published_time\" content=\"2023-04-19T14:58:23+00:00\" \/>\n<meta property=\"article:modified_time\" content=\"2023-04-19T15:04:13+00:00\" \/>\n<meta property=\"og:image\" content=\"https:\/\/zuuz.com.br\/wp-content\/uploads\/2023\/04\/pexels-brett-sayles-1756957-1024x683.jpg\" \/>\n<meta name=\"author\" content=\"Rodrigo Monteiro\" \/>\n<meta name=\"twitter:card\" content=\"summary_large_image\" \/>\n<meta name=\"twitter:label1\" content=\"Written by\" \/>\n\t<meta name=\"twitter:data1\" content=\"Rodrigo Monteiro\" \/>\n\t<meta name=\"twitter:label2\" content=\"Estimated reading time\" \/>\n\t<meta name=\"twitter:data2\" content=\"3 minutes\" \/>\n<script type=\"application\/ld+json\" class=\"yoast-schema-graph\">{\"@context\":\"https:\\\/\\\/schema.org\",\"@graph\":[{\"@type\":\"Article\",\"@id\":\"https:\\\/\\\/zuuz.com.br\\\/recarregar-carro-eletrico-meu-predio\\\/#article\",\"isPartOf\":{\"@id\":\"https:\\\/\\\/zuuz.com.br\\\/recarregar-carro-eletrico-meu-predio\\\/\"},\"author\":{\"name\":\"Rodrigo Monteiro\",\"@id\":\"https:\\\/\\\/zuuz.com.br\\\/#\\\/schema\\\/person\\\/1a2f12fed119550e7265234ededb92d1\"},\"headline\":\"Recarregar Carro El\u00e9trico no meu pr\u00e9dio\",\"datePublished\":\"2023-04-19T14:58:23+00:00\",\"dateModified\":\"2023-04-19T15:04:13+00:00\",\"mainEntityOfPage\":{\"@id\":\"https:\\\/\\\/zuuz.com.br\\\/recarregar-carro-eletrico-meu-predio\\\/\"},\"wordCount\":509,\"commentCount\":0,\"publisher\":{\"@id\":\"https:\\\/\\\/zuuz.com.br\\\/#organization\"},\"image\":{\"@id\":\"https:\\\/\\\/zuuz.com.br\\\/recarregar-carro-eletrico-meu-predio\\\/#primaryimage\"},\"thumbnailUrl\":\"https:\\\/\\\/zuuz.com.br\\\/wp-content\\\/uploads\\\/2023\\\/04\\\/pexels-brett-sayles-1756957-1024x683.jpg\",\"keywords\":[\"carga carro el\u00e9trico pr\u00e9dio\",\"carregar carro el\u00e9trico\",\"instala\u00e7\u00e3o condom\u00ednio\",\"instala\u00e7\u00e3o tomada carro el\u00e9trico condom\u00ednio\",\"instalar tomada de carro el\u00e9trico\",\"recarga carro el\u00e9trico\",\"recarregar carro el\u00e9trico\"],\"articleSection\":[\"Como funcionam as esta\u00e7\u00f5es de recarga\"],\"inLanguage\":\"en-GB\",\"potentialAction\":[{\"@type\":\"CommentAction\",\"name\":\"Comment\",\"target\":[\"https:\\\/\\\/zuuz.com.br\\\/recarregar-carro-eletrico-meu-predio\\\/#respond\"]}]},{\"@type\":\"WebPage\",\"@id\":\"https:\\\/\\\/zuuz.com.br\\\/recarregar-carro-eletrico-meu-predio\\\/\",\"url\":\"https:\\\/\\\/zuuz.com.br\\\/recarregar-carro-eletrico-meu-predio\\\/\",\"name\":\"Recarregar Carro El\u00e9trico no meu pr\u00e9dio -\",\"isPartOf\":{\"@id\":\"https:\\\/\\\/zuuz.com.br\\\/#website\"},\"primaryImageOfPage\":{\"@id\":\"https:\\\/\\\/zuuz.com.br\\\/recarregar-carro-eletrico-meu-predio\\\/#primaryimage\"},\"image\":{\"@id\":\"https:\\\/\\\/zuuz.com.br\\\/recarregar-carro-eletrico-meu-predio\\\/#primaryimage\"},\"thumbnailUrl\":\"https:\\\/\\\/zuuz.com.br\\\/wp-content\\\/uploads\\\/2023\\\/04\\\/pexels-brett-sayles-1756957-1024x683.jpg\",\"datePublished\":\"2023-04-19T14:58:23+00:00\",\"dateModified\":\"2023-04-19T15:04:13+00:00\",\"description\":\"Como recarregar carro el\u00e9trico no meu pr\u00e9dio? \u00e9 a pergunta que respondemos no blog da ZuuZ! Confira tudo sobre o tema!\",\"breadcrumb\":{\"@id\":\"https:\\\/\\\/zuuz.com.br\\\/recarregar-carro-eletrico-meu-predio\\\/#breadcrumb\"},\"inLanguage\":\"en-GB\",\"potentialAction\":[{\"@type\":\"ReadAction\",\"target\":[\"https:\\\/\\\/zuuz.com.br\\\/recarregar-carro-eletrico-meu-predio\\\/\"]}]},{\"@type\":\"ImageObject\",\"inLanguage\":\"en-GB\",\"@id\":\"https:\\\/\\\/zuuz.com.br\\\/recarregar-carro-eletrico-meu-predio\\\/#primaryimage\",\"url\":\"https:\\\/\\\/zuuz.com.br\\\/wp-content\\\/uploads\\\/2023\\\/04\\\/pexels-brett-sayles-1756957-1024x683.jpg\",\"contentUrl\":\"https:\\\/\\\/zuuz.com.br\\\/wp-content\\\/uploads\\\/2023\\\/04\\\/pexels-brett-sayles-1756957-1024x683.jpg\"},{\"@type\":\"BreadcrumbList\",\"@id\":\"https:\\\/\\\/zuuz.com.br\\\/recarregar-carro-eletrico-meu-predio\\\/#breadcrumb\",\"itemListElement\":[{\"@type\":\"ListItem\",\"position\":1,\"name\":\"In\u00edcio\",\"item\":\"https:\\\/\\\/zuuz.com.br\\\/\"},{\"@type\":\"ListItem\",\"position\":2,\"name\":\"Recarregar Carro El\u00e9trico no meu pr\u00e9dio\"}]},{\"@type\":\"WebSite\",\"@id\":\"https:\\\/\\\/zuuz.com.br\\\/#website\",\"url\":\"https:\\\/\\\/zuuz.com.br\\\/\",\"name\":\"ZuuZ - Mobilidade El\u00e9trica\",\"description\":\"Recarga para Ve\u00edculos El\u00e9tricos em Condom\u00ednios Residenciais e Comerciais\",\"publisher\":{\"@id\":\"https:\\\/\\\/zuuz.com.br\\\/#organization\"},\"potentialAction\":[{\"@type\":\"SearchAction\",\"target\":{\"@type\":\"EntryPoint\",\"urlTemplate\":\"https:\\\/\\\/zuuz.com.br\\\/?s={search_term_string}\"},\"query-input\":{\"@type\":\"PropertyValueSpecification\",\"valueRequired\":true,\"valueName\":\"search_term_string\"}}],\"inLanguage\":\"en-GB\"},{\"@type\":\"Organization\",\"@id\":\"https:\\\/\\\/zuuz.com.br\\\/#organization\",\"name\":\"ZuuZ Mobilidade El\u00e9trica\",\"url\":\"https:\\\/\\\/zuuz.com.br\\\/\",\"logo\":{\"@type\":\"ImageObject\",\"inLanguage\":\"en-GB\",\"@id\":\"https:\\\/\\\/zuuz.com.br\\\/#\\\/schema\\\/logo\\\/image\\\/\",\"url\":\"https:\\\/\\\/zuuz.com.br\\\/wp-content\\\/uploads\\\/2023\\\/02\\\/Logo-compacto.jpg\",\"contentUrl\":\"https:\\\/\\\/zuuz.com.br\\\/wp-content\\\/uploads\\\/2023\\\/02\\\/Logo-compacto.jpg\",\"width\":349,\"height\":110,\"caption\":\"ZuuZ Mobilidade El\u00e9trica\"},\"image\":{\"@id\":\"https:\\\/\\\/zuuz.com.br\\\/#\\\/schema\\\/logo\\\/image\\\/\"},\"sameAs\":[\"https:\\\/\\\/www.facebook.com\\\/profile.php?id=100089280586493\",\"https:\\\/\\\/www.linkedin.com\\\/company\\\/zuuz\\\/\",\"http:\\\/\\\/www.instagram.com\\\/zuuz_mobilidade_eletrica\\\/\"]},{\"@type\":\"Person\",\"@id\":\"https:\\\/\\\/zuuz.com.br\\\/#\\\/schema\\\/person\\\/1a2f12fed119550e7265234ededb92d1\",\"name\":\"Rodrigo Monteiro\",\"image\":{\"@type\":\"ImageObject\",\"inLanguage\":\"en-GB\",\"@id\":\"https:\\\/\\\/zuuz.com.br\\\/wp-content\\\/litespeed\\\/avatar\\\/d2e598a3985ee24b426f31c8ce397fb4.jpg?ver=1776920062\",\"url\":\"https:\\\/\\\/zuuz.com.br\\\/wp-content\\\/litespeed\\\/avatar\\\/d2e598a3985ee24b426f31c8ce397fb4.jpg?ver=1776920062\",\"contentUrl\":\"https:\\\/\\\/zuuz.com.br\\\/wp-content\\\/litespeed\\\/avatar\\\/d2e598a3985ee24b426f31c8ce397fb4.jpg?ver=1776920062\",\"caption\":\"Rodrigo Monteiro\"},\"url\":\"https:\\\/\\\/zuuz.com.br\\\/en\\\/author\\\/marketing\\\/\"}]}<\/script>\n<!-- \/ Yoast SEO plugin. -->","yoast_head_json":{"title":"Recarregar Carro El\u00e9trico no meu pr\u00e9dio -","description":"Como recarregar carro el\u00e9trico no meu pr\u00e9dio? \u00e9 a pergunta que respondemos no blog da ZuuZ! Confira tudo sobre o tema!","robots":{"index":"index","follow":"follow","max-snippet":"max-snippet:-1","max-image-preview":"max-image-preview:large","max-video-preview":"max-video-preview:-1"},"canonical":"https:\/\/zuuz.com.br\/en\/recarregar-carro-eletrico-meu-predio\/","og_locale":"en_GB","og_type":"article","og_title":"Recarregar Carro El\u00e9trico no meu pr\u00e9dio -","og_description":"Como recarregar carro el\u00e9trico no meu pr\u00e9dio? \u00e9 a pergunta que respondemos no blog da ZuuZ! Confira tudo sobre o tema!","og_url":"https:\/\/zuuz.com.br\/en\/recarregar-carro-eletrico-meu-predio\/","og_site_name":"ZuuZ - Mobilidade El\u00e9trica","article_publisher":"https:\/\/www.facebook.com\/profile.php?id=100089280586493","article_published_time":"2023-04-19T14:58:23+00:00","article_modified_time":"2023-04-19T15:04:13+00:00","og_image":[{"url":"https:\/\/zuuz.com.br\/wp-content\/uploads\/2023\/04\/pexels-brett-sayles-1756957-1024x683.jpg","type":"","width":"","height":""}],"author":"Rodrigo Monteiro","twitter_card":"summary_large_image","twitter_misc":{"Written by":"Rodrigo Monteiro","Estimated reading time":"3 minutes"},"schema":{"@context":"https:\/\/schema.org","@graph":[{"@type":"Article","@id":"https:\/\/zuuz.com.br\/recarregar-carro-eletrico-meu-predio\/#article","isPartOf":{"@id":"https:\/\/zuuz.com.br\/recarregar-carro-eletrico-meu-predio\/"},"author":{"name":"Rodrigo Monteiro","@id":"https:\/\/zuuz.com.br\/#\/schema\/person\/1a2f12fed119550e7265234ededb92d1"},"headline":"Recarregar Carro El\u00e9trico no meu pr\u00e9dio","datePublished":"2023-04-19T14:58:23+00:00","dateModified":"2023-04-19T15:04:13+00:00","mainEntityOfPage":{"@id":"https:\/\/zuuz.com.br\/recarregar-carro-eletrico-meu-predio\/"},"wordCount":509,"commentCount":0,"publisher":{"@id":"https:\/\/zuuz.com.br\/#organization"},"image":{"@id":"https:\/\/zuuz.com.br\/recarregar-carro-eletrico-meu-predio\/#primaryimage"},"thumbnailUrl":"https:\/\/zuuz.com.br\/wp-content\/uploads\/2023\/04\/pexels-brett-sayles-1756957-1024x683.jpg","keywords":["carga carro el\u00e9trico pr\u00e9dio","carregar carro el\u00e9trico","instala\u00e7\u00e3o condom\u00ednio","instala\u00e7\u00e3o tomada carro el\u00e9trico condom\u00ednio","instalar tomada de carro el\u00e9trico","recarga carro el\u00e9trico","recarregar carro el\u00e9trico"],"articleSection":["Como funcionam as esta\u00e7\u00f5es de recarga"],"inLanguage":"en-GB","potentialAction":[{"@type":"CommentAction","name":"Comment","target":["https:\/\/zuuz.com.br\/recarregar-carro-eletrico-meu-predio\/#respond"]}]},{"@type":"WebPage","@id":"https:\/\/zuuz.com.br\/recarregar-carro-eletrico-meu-predio\/","url":"https:\/\/zuuz.com.br\/recarregar-carro-eletrico-meu-predio\/","name":"Recarregar Carro El\u00e9trico no meu pr\u00e9dio -","isPartOf":{"@id":"https:\/\/zuuz.com.br\/#website"},"primaryImageOfPage":{"@id":"https:\/\/zuuz.com.br\/recarregar-carro-eletrico-meu-predio\/#primaryimage"},"image":{"@id":"https:\/\/zuuz.com.br\/recarregar-carro-eletrico-meu-predio\/#primaryimage"},"thumbnailUrl":"https:\/\/zuuz.com.br\/wp-content\/uploads\/2023\/04\/pexels-brett-sayles-1756957-1024x683.jpg","datePublished":"2023-04-19T14:58:23+00:00","dateModified":"2023-04-19T15:04:13+00:00","description":"Como recarregar carro el\u00e9trico no meu pr\u00e9dio? \u00e9 a pergunta que respondemos no blog da ZuuZ! Confira tudo sobre o tema!","breadcrumb":{"@id":"https:\/\/zuuz.com.br\/recarregar-carro-eletrico-meu-predio\/#breadcrumb"},"inLanguage":"en-GB","potentialAction":[{"@type":"ReadAction","target":["https:\/\/zuuz.com.br\/recarregar-carro-eletrico-meu-predio\/"]}]},{"@type":"ImageObject","inLanguage":"en-GB","@id":"https:\/\/zuuz.com.br\/recarregar-carro-eletrico-meu-predio\/#primaryimage","url":"https:\/\/zuuz.com.br\/wp-content\/uploads\/2023\/04\/pexels-brett-sayles-1756957-1024x683.jpg","contentUrl":"https:\/\/zuuz.com.br\/wp-content\/uploads\/2023\/04\/pexels-brett-sayles-1756957-1024x683.jpg"},{"@type":"BreadcrumbList","@id":"https:\/\/zuuz.com.br\/recarregar-carro-eletrico-meu-predio\/#breadcrumb","itemListElement":[{"@type":"ListItem","position":1,"name":"In\u00edcio","item":"https:\/\/zuuz.com.br\/"},{"@type":"ListItem","position":2,"name":"Recarregar Carro El\u00e9trico no meu pr\u00e9dio"}]},{"@type":"WebSite","@id":"https:\/\/zuuz.com.br\/#website","url":"https:\/\/zuuz.com.br\/","name":"ZuuZ - Mobilidade El\u00e9trica","description":"Recarga para Ve\u00edculos El\u00e9tricos em Condom\u00ednios Residenciais e Comerciais","publisher":{"@id":"https:\/\/zuuz.com.br\/#organization"},"potentialAction":[{"@type":"SearchAction","target":{"@type":"EntryPoint","urlTemplate":"https:\/\/zuuz.com.br\/?s={search_term_string}"},"query-input":{"@type":"PropertyValueSpecification","valueRequired":true,"valueName":"search_term_string"}}],"inLanguage":"en-GB"},{"@type":"Organization","@id":"https:\/\/zuuz.com.br\/#organization","name":"ZuuZ Mobilidade El\u00e9trica","url":"https:\/\/zuuz.com.br\/","logo":{"@type":"ImageObject","inLanguage":"en-GB","@id":"https:\/\/zuuz.com.br\/#\/schema\/logo\/image\/","url":"https:\/\/zuuz.com.br\/wp-content\/uploads\/2023\/02\/Logo-compacto.jpg","contentUrl":"https:\/\/zuuz.com.br\/wp-content\/uploads\/2023\/02\/Logo-compacto.jpg","width":349,"height":110,"caption":"ZuuZ Mobilidade El\u00e9trica"},"image":{"@id":"https:\/\/zuuz.com.br\/#\/schema\/logo\/image\/"},"sameAs":["https:\/\/www.facebook.com\/profile.php?id=100089280586493","https:\/\/www.linkedin.com\/company\/zuuz\/","http:\/\/www.instagram.com\/zuuz_mobilidade_eletrica\/"]},{"@type":"Person","@id":"https:\/\/zuuz.com.br\/#\/schema\/person\/1a2f12fed119550e7265234ededb92d1","name":"Rodrigo Monteiro","image":{"@type":"ImageObject","inLanguage":"en-GB","@id":"https:\/\/zuuz.com.br\/wp-content\/litespeed\/avatar\/d2e598a3985ee24b426f31c8ce397fb4.jpg?ver=1776920062","url":"https:\/\/zuuz.com.br\/wp-content\/litespeed\/avatar\/d2e598a3985ee24b426f31c8ce397fb4.jpg?ver=1776920062","contentUrl":"https:\/\/zuuz.com.br\/wp-content\/litespeed\/avatar\/d2e598a3985ee24b426f31c8ce397fb4.jpg?ver=1776920062","caption":"Rodrigo Monteiro"},"url":"https:\/\/zuuz.com.br\/en\/author\/marketing\/"}]}},"_links":{"self":[{"href":"https:\/\/zuuz.com.br\/en\/wp-json\/wp\/v2\/posts\/926","targetHints":{"allow":["GET"]}}],"collection":[{"href":"https:\/\/zuuz.com.br\/en\/wp-json\/wp\/v2\/posts"}],"about":[{"href":"https:\/\/zuuz.com.br\/en\/wp-json\/wp\/v2\/types\/post"}],"author":[{"embeddable":true,"href":"https:\/\/zuuz.com.br\/en\/wp-json\/wp\/v2\/users\/18"}],"replies":[{"embeddable":true,"href":"https:\/\/zuuz.com.br\/en\/wp-json\/wp\/v2\/comments?post=926"}],"version-history":[{"count":5,"href":"https:\/\/zuuz.com.br\/en\/wp-json\/wp\/v2\/posts\/926\/revisions"}],"predecessor-version":[{"id":935,"href":"https:\/\/zuuz.com.br\/en\/wp-json\/wp\/v2\/posts\/926\/revisions\/935"}],"wp:attachment":[{"href":"https:\/\/zuuz.com.br\/en\/wp-json\/wp\/v2\/media?parent=926"}],"wp:term":[{"taxonomy":"category","embeddable":true,"href":"https:\/\/zuuz.com.br\/en\/wp-json\/wp\/v2\/categories?post=926"},{"taxonomy":"post_tag","embeddable":true,"href":"https:\/\/zuuz.com.br\/en\/wp-json\/wp\/v2\/tags?post=926"}],"curies":[{"name":"wp","href":"https:\/\/api.w.org\/{rel}","templated":true}]}}